{"id":31134,"date":"2017-10-21T09:52:48","date_gmt":"2017-10-21T12:52:48","guid":{"rendered":"http:\/\/caririemacao.com\/1\/?p=31134"},"modified":"2017-10-21T09:52:48","modified_gmt":"2017-10-21T12:52:48","slug":"hervazio-bezerra-defende-viagens-de-cartaxo-ao-interior-mas-desafia-gostaria-de-ouvir-o-que-luciano-tem-a-mostrar","status":"publish","type":"post","link":"https:\/\/www.caririemacao.com\/1\/2017\/10\/21\/hervazio-bezerra-defende-viagens-de-cartaxo-ao-interior-mas-desafia-gostaria-de-ouvir-o-que-luciano-tem-a-mostrar\/","title":{"rendered":"Herv\u00e1zio Bezerra \u2018defende\u2019 viagens de Cartaxo ao interior, mas desafia: \u201cGostaria de ouvir o que Luciano tem a mostrar\u201d"},"content":{"rendered":"<p>As viagens frequentes do prefeito de Jo\u00e3o Pessoa, Luciano Cartaxo (PSD), ao interior, visando fortalecer seu nome para elei\u00e7\u00e3o a governador de 2018, t\u00eam sido alvo de cr\u00edticas de parlamentares da oposi\u00e7\u00e3o. L\u00edder do governo do estado, na Assembleia Legislativa da Para\u00edba, o deputado Herv\u00e1zio Bezerra (PSB), no entanto, defendeu a legitimidade das viagens, mas alfinetou a gest\u00e3o de Luciano. \u201cQueria saber o discurso de Luciano [Cartaxo] para convencer os prefeitos [do interior] de que Jo\u00e3o Pessoa tem um modelo a ser seguido\u201d, disse.<\/p>\n<p>No \u00faltimo fim de semana, Cartaxo visitou a regi\u00e3o do Pianc\u00f3. A convite do prefeito de Pianc\u00f3, Daniel Galdino (PSD), o prefeito de Jo\u00e3o Pessoa se reuniu com lideran\u00e7as pol\u00edticas, assumindo a condi\u00e7\u00e3o de pr\u00e9-candidato.<\/p>\n<p>\u201cTenho de reconhecer que \u00e9 uma atitude leg\u00edtima. Inclusive, s\u00e3o viagens no fim de semana. Mas gostaria de ser uma abelha para ouvir o que Luciano Cartaxo tem a mostrar para estes prefeitos. Na \u00e1rea da sa\u00fade, infraestrutura, mobilidade urbana e at\u00e9 na educa\u00e7\u00e3o, Jo\u00e3o Pessoa tem in\u00fameros problemas e ele n\u00e3o consegue solu\u00e7\u00e3o. Aqui seria o laborat\u00f3rio para mostrar o que ele fez\u201d, afirmou Herv\u00e1zio Bezerra.<\/p>\n<p>Enquanto mant\u00e9m 2018 em pauta nas viagens, Luciano Cartaxo adota, publicamente, o mantra de que elei\u00e7\u00e3o s\u00f3 ser\u00e1 discutida no pr\u00f3ximo ano.<\/p>\n<p><strong>CARIRI EM A\u00c7\u00c3O<\/strong><\/p>\n<p><em>Com Blog do Gordinho\/Foto:Google\u00a0\u00a0 <\/em><\/p>\n<p><strong>Leia mais not\u00edcias em\u00a0<\/strong><a href=\"http:\/\/www.caririemacao.com\/\"><strong>caririemacao.com<\/strong><\/a><strong>, siga nossa p\u00e1gina no\u00a0<\/strong><a href=\"https:\/\/www.facebook.com\/CaririEmAcao\/?ref=aymt_homepage_panel\"><strong>Facebook<\/strong><\/a>,<strong>\u00a0<\/strong><a href=\"https:\/\/www.instagram.com\/cariri_em_acao\/?hl=pt-br\"><strong>Instagram<\/strong><\/a><strong>\u00a0e <\/strong><a href=\"https:\/\/www.youtube.com\/channel\/UCAptA0jQuYQy8vMhLt2m4qg\"><strong>Youtube<\/strong><\/a><strong>\u00a0e veja nossas mat\u00e9rias, v\u00eddeos e fotos. Voc\u00ea tamb\u00e9m pode enviar informa\u00e7\u00f5es \u00e0 Reda\u00e7\u00e3o do Portal Cariri em A\u00e7\u00e3o pelo WhatsApp (83) 9 9634.5791, (83) 9 9601-1162.<\/strong><\/p>\n","protected":false},"excerpt":{"rendered":"<p>As viagens frequentes do prefeito de Jo\u00e3o Pessoa, Luciano Cartaxo (PSD), ao interior, visando fortalecer seu nome para elei\u00e7\u00e3o a governador de 2018, t\u00eam sido&hellip; <\/p>\n","protected":false},"author":2,"featured_media":12804,"comment_status":"closed","ping_status":"closed","sticky":false,"template":"","format":"standard","meta":{"sfsi_plus_gutenberg_text_before_share":"","sfsi_plus_gutenberg_show_text_before_share":"","sfsi_plus_gutenberg_icon_type":"","sfsi_plus_gutenberg_icon_alignemt":"","sfsi_plus_gutenburg_max_per_row":"","footnotes":""},"categories":[1],"tags":[],"class_list":["post-31134","post","type-post","status-publish","format-standard","has-post-thumbnail","hentry","category-o-site"],"_links":{"self":[{"href":"https:\/\/www.caririemacao.com\/1\/wp-json\/wp\/v2\/posts\/31134","targetHints":{"allow":["GET"]}}],"collection":[{"href":"https:\/\/www.caririemacao.com\/1\/wp-json\/wp\/v2\/posts"}],"about":[{"href":"https:\/\/www.caririemacao.com\/1\/wp-json\/wp\/v2\/types\/post"}],"author":[{"embeddable":true,"href":"https:\/\/www.caririemacao.com\/1\/wp-json\/wp\/v2\/users\/2"}],"replies":[{"embeddable":true,"href":"https:\/\/www.caririemacao.com\/1\/wp-json\/wp\/v2\/comments?post=31134"}],"version-history":[{"count":0,"href":"https:\/\/www.caririemacao.com\/1\/wp-json\/wp\/v2\/posts\/31134\/revisions"}],"wp:featuredmedia":[{"embeddable":true,"href":"https:\/\/www.caririemacao.com\/1\/wp-json\/wp\/v2\/media\/12804"}],"wp:attachment":[{"href":"https:\/\/www.caririemacao.com\/1\/wp-json\/wp\/v2\/media?parent=31134"}],"wp:term":[{"taxonomy":"category","embeddable":true,"href":"https:\/\/www.caririemacao.com\/1\/wp-json\/wp\/v2\/categories?post=31134"},{"taxonomy":"post_tag","embeddable":true,"href":"https:\/\/www.caririemacao.com\/1\/wp-json\/wp\/v2\/tags?post=31134"}],"curies":[{"name":"wp","href":"https:\/\/api.w.org\/{rel}","templated":true}]}}