{"id":31136,"date":"2017-10-21T09:59:17","date_gmt":"2017-10-21T12:59:17","guid":{"rendered":"http:\/\/caririemacao.com\/1\/?p=31136"},"modified":"2017-10-21T09:59:17","modified_gmt":"2017-10-21T12:59:17","slug":"amparo-assentamento-mata-recebe-premio-da-associacao-internacional-de-dessalinizacao-ida","status":"publish","type":"post","link":"https:\/\/www.caririemacao.com\/1\/2017\/10\/21\/amparo-assentamento-mata-recebe-premio-da-associacao-internacional-de-dessalinizacao-ida\/","title":{"rendered":"Amparo: Assentamento Mata recebe pr\u00eamio da Associa\u00e7\u00e3o Internacional de Dessaliniza\u00e7\u00e3o (IDA)"},"content":{"rendered":"<p>O modelo de gest\u00e3o compartilhada do sistema de dessaliniza\u00e7\u00e3o situado no Assentamento Fazenda Mata, localizado na cidade de Amparo,\u00a0 recebeu, na tarde desta quinta-feira (19), o pr\u00eamio da Associa\u00e7\u00e3o Internacional de Dessaliniza\u00e7\u00e3o (IDA). A premia\u00e7\u00e3o ocorreu durante o Congresso Mundial de Dessaliniza\u00e7\u00e3o e Reuso de \u00c1gua (IDA World Congress 2017 \u2013 Water Reuse &amp; Desalination), que est\u00e1 acontecendo pela primeira vez na cidade de S\u00e3o Paulo. O sistema faz parte do Programa \u00c1gua Doce (PAD) do Governo Federal que tem como objetivo garantir \u00e0 popula\u00e7\u00e3o do semi\u00e1rido brasileiro o acesso \u00e0 \u00e1gua de boa qualidade para o consumo humano, por meio de sistema de dessaliniza\u00e7\u00e3o.<\/p>\n<p>Jos\u00e9 Nogueira Morais, agricultor do Assentamento Fazenda Mata e presidente da Associa\u00e7\u00e3o dos Moradores de Cai\u00e7ara, foi quem recebeu o pr\u00eamio das m\u00e3os do presidente da IDA, Em\u00edlio Gabrielli. O agricultor ressalta que ficou bastante feliz pelo reconhecimento do trabalho que desenvolve, junto com as demais fam\u00edlias que moram no local, para manter o bom funcionamento do sistema na comunidade.<\/p>\n<p>\u201dSomos gratos aos Governos Federal e Estadual pelo apoio que recebemos desde quando o sistema foi instalado em nossa comunidade, no ano de 2009. Essa premia\u00e7\u00e3o mostra que estamos fazendo a gest\u00e3o compartilhada da forma\u00a0 correta, possibilitando melhoria da sa\u00fade da popula\u00e7\u00e3o com acesso a \u00e1gua de boa qualidade\u201d, destacou Jos\u00e9 Nogueira.<\/p>\n<p>O Assentamento Fazenda Mata foi destaque no evento por apresentar um modelo de gest\u00e3o compartilhada aliada a sustentabilidade. O sistema de dessaliniza\u00e7\u00e3o instalado no local possibilitou a cria\u00e7\u00e3o de peixes da esp\u00e9cie til\u00e1pia no assentamento. Parte da comunidade fica encarregada pela cria\u00e7\u00e3o de aproximadamente mil peixes, que s\u00e3o mantidos em dois tanques e \u00e9 com essa cria\u00e7\u00e3o de peixes que as fam\u00edlias conseguem arrecadar renda para a manuten\u00e7\u00e3o da pr\u00f3pria associa\u00e7\u00e3o.<\/p>\n<p>O sistema produtivo ainda \u00e9 composto pela planta\u00e7\u00e3o de Atriplex nummularia, uma planta forrageira arbustiva, de ambientes \u00e1ridos e semi\u00e1ridos, que se desenvolve bem em solos com alto teor de sal, por isso em alguns lugares \u00e9 conhecida pelo nome de \u201cplanta ou erva sal\u201d. A atriplex cultivada no assentamento \u00e9 destinada \u00e0 alimenta\u00e7\u00e3o dos animais, como ovinos, caprinos e bovinos.<\/p>\n<p>O engenheiro da Secretaria de Infraestrutura, Recursos H\u00eddricos, Meio Ambiente e Ci\u00eancia e Tecnologia (Seirhmact) e coordenador do PAD na Para\u00edba, Robi TabolKa, que est\u00e1 participando evento, enfatiza o empenho do Governo do Estado em executar o Programa no estado. \u201cO Governo vem trabalhando para garantir o acesso \u00e0 \u00e1gua de qualidade tanto na zona urbana quanto na zona rural. Todos os sistemas de dessaliniza\u00e7\u00e3o que est\u00e3o sendo constru\u00eddos t\u00eam a metodologia de gest\u00e3o compartilhada e esse pr\u00eamio \u00e9\u00a0 gratificante, pois demonstra que a equipe t\u00e9cnica est\u00e1 fazendo um bom trabalho e est\u00e1 no caminho certo\u201d, acrescentou Robi.<\/p>\n<p>O coordenador nacional do Programa\u00a0 \u00c1gua Doce, Renato Saraiva, falou sobre o pr\u00eamio. \u201cA premia\u00e7\u00e3o que o PAD, na pessoa do Jos\u00e9 Nogueira, que \u00e9 o operador na cidade de Amparo, \u00e9 o reconhecimento da constru\u00e7\u00e3o coletiva que \u00e9 o Programa, onde temos preocupa\u00e7\u00e3o ambiental t\u00e9cnica e social. A gest\u00e3o compartilhada do sistema de dessaliniza\u00e7\u00e3o com participa\u00e7\u00e3o ativa das comunidades locais \u00e9 o que traz o sucesso do programa.<\/p>\n<p>Na Para\u00edba, 27 sistemas j\u00e1 est\u00e3o funcionando, 38 em execu\u00e7\u00e3o e mais 28 ser\u00e3o constru\u00eddos. Cerca de 2.600 fam\u00edlias consomem \u00e1gua tratada por meio dos dessalinizadores, totalizando mais de 10 mil pessoas beneficiadas. At\u00e9 o momento, o Governo do Estado j\u00e1 investiu mais de R$ 4 milh\u00f5es no \u00c1gua Doce.<\/p>\n<p>O Congresso Mundial de Dessaliniza\u00e7\u00e3o e Reuso de \u00c1gua (IDA World Congress 2017 \u2013 Water Reuse &amp; Desalination) \u00e9 realizado a cada dois anos. Considerado o principal evento global voltado para a reutiliza\u00e7\u00e3o e dessaliniza\u00e7\u00e3o de \u00e1gua, ele conta com a presen\u00e7a de participantes do setor p\u00fablico e privado de todo o mundo, entre l\u00edderes em todos os setores da ind\u00fastria, desde usu\u00e1rios finais a desenvolvedores de tecnologia e fornecedores de solu\u00e7\u00f5es, acad\u00eamicos e pesquisadores, financiadores, fornecedores e consultores. O evento \u00a0encerra amanh\u00e3 com a inaugura\u00e7\u00e3o de um Sistema Piloto de Dessaliniza\u00e7\u00e3o que utiliza a Energia Solar, no Rio Grande do Norte.<\/p>\n<p><strong>CARIRI EM A\u00c7\u00c3O<\/strong><\/p>\n<p><em>Com SECOM- PB\/Foto: Reprodu\u00e7\u00e3o\u00a0\u00a0<\/em><\/p>\n<p><strong>Leia mais not\u00edcias em\u00a0<\/strong><a href=\"http:\/\/www.caririemacao.com\/\"><strong>caririemacao.com<\/strong><\/a><strong>, siga nossa p\u00e1gina no\u00a0<\/strong><a href=\"https:\/\/www.facebook.com\/CaririEmAcao\/?ref=aymt_homepage_panel\"><strong>Facebook<\/strong><\/a>,<strong>\u00a0<\/strong><a href=\"https:\/\/www.instagram.com\/cariri_em_acao\/?hl=pt-br\"><strong>Instagram<\/strong><\/a><strong>\u00a0e <\/strong><a href=\"https:\/\/www.youtube.com\/channel\/UCAptA0jQuYQy8vMhLt2m4qg\"><strong>Youtube<\/strong><\/a><strong>\u00a0e veja nossas mat\u00e9rias, v\u00eddeos e fotos. Voc\u00ea tamb\u00e9m pode enviar informa\u00e7\u00f5es \u00e0 Reda\u00e7\u00e3o do Portal Cariri em A\u00e7\u00e3o pelo WhatsApp (83) 9 9634.5791, (83) 9 9601-1162.<\/strong><\/p>\n","protected":false},"excerpt":{"rendered":"<p>O modelo de gest\u00e3o compartilhada do sistema de dessaliniza\u00e7\u00e3o situado no Assentamento Fazenda Mata, localizado na cidade de Amparo,\u00a0 recebeu, na tarde desta quinta-feira (19),&hellip; <\/p>\n","protected":false},"author":2,"featured_media":31137,"comment_status":"closed","ping_status":"closed","sticky":false,"template":"","format":"standard","meta":{"sfsi_plus_gutenberg_text_before_share":"","sfsi_plus_gutenberg_show_text_before_share":"","sfsi_plus_gutenberg_icon_type":"","sfsi_plus_gutenberg_icon_alignemt":"","sfsi_plus_gutenburg_max_per_row":"","footnotes":""},"categories":[6],"tags":[],"class_list":["post-31136","post","type-post","status-publish","format-standard","has-post-thumbnail","hentry","category-cidades"],"_links":{"self":[{"href":"https:\/\/www.caririemacao.com\/1\/wp-json\/wp\/v2\/posts\/31136","targetHints":{"allow":["GET"]}}],"collection":[{"href":"https:\/\/www.caririemacao.com\/1\/wp-json\/wp\/v2\/posts"}],"about":[{"href":"https:\/\/www.caririemacao.com\/1\/wp-json\/wp\/v2\/types\/post"}],"author":[{"embeddable":true,"href":"https:\/\/www.caririemacao.com\/1\/wp-json\/wp\/v2\/users\/2"}],"replies":[{"embeddable":true,"href":"https:\/\/www.caririemacao.com\/1\/wp-json\/wp\/v2\/comments?post=31136"}],"version-history":[{"count":0,"href":"https:\/\/www.caririemacao.com\/1\/wp-json\/wp\/v2\/posts\/31136\/revisions"}],"wp:featuredmedia":[{"embeddable":true,"href":"https:\/\/www.caririemacao.com\/1\/wp-json\/wp\/v2\/media\/31137"}],"wp:attachment":[{"href":"https:\/\/www.caririemacao.com\/1\/wp-json\/wp\/v2\/media?parent=31136"}],"wp:term":[{"taxonomy":"category","embeddable":true,"href":"https:\/\/www.caririemacao.com\/1\/wp-json\/wp\/v2\/categories?post=31136"},{"taxonomy":"post_tag","embeddable":true,"href":"https:\/\/www.caririemacao.com\/1\/wp-json\/wp\/v2\/tags?post=31136"}],"curies":[{"name":"wp","href":"https:\/\/api.w.org\/{rel}","templated":true}]}}