{"id":31139,"date":"2017-10-21T10:44:07","date_gmt":"2017-10-21T13:44:07","guid":{"rendered":"http:\/\/caririemacao.com\/1\/?p=31139"},"modified":"2017-10-21T10:44:07","modified_gmt":"2017-10-21T13:44:07","slug":"equipe-de-futebol-de-sao-joao-do-cariri-desiste-de-competicao-por-falta-de-apoio-do-governo-municipal","status":"publish","type":"post","link":"https:\/\/www.caririemacao.com\/1\/2017\/10\/21\/equipe-de-futebol-de-sao-joao-do-cariri-desiste-de-competicao-por-falta-de-apoio-do-governo-municipal\/","title":{"rendered":"Equipe de Futebol de S\u00e3o Jo\u00e3o do Cariri desiste de competi\u00e7\u00e3o por falta de apoio do governo municipal"},"content":{"rendered":"<div>A atual campe\u00e3 da Copa Cariri de Futebol Sub 20, a equipe do Sport Club Malhada, pertencente ao Distrito de Malhada da Ro\u00e7a, representada pelo munic\u00edpio de S\u00e3o Jo\u00e3o do Cariri -PB viveu h\u00e1 uma ano atr\u00e1s uma das grandes conquistas e alegrias, em ter conquistado o grande t\u00edtulo da competi\u00e7\u00e3o esportiva da Copa Cariri Sub de Futebol. Motivo esse, de alegria n\u00e3o s\u00f3 para a comunidade, mas para diversos jovens de outros munic\u00edpios na qual integravam a equipe de futebol.<\/div>\n<div><\/div>\n<div>Para tentar mais uma vez realizar o feito e tentar conquistar o BI campeonato da competi\u00e7\u00e3o, a equipe atual campe\u00e3 vem esbarrando na falta de incentivo e apoio por parte da Prefeitura Municipal de S\u00e3o Jo\u00e3o do Cariri. O t\u00e9cnico de futebol da equipe Sub 20 Marcos Mukeka entrou em contato com o departamento de esportes do munic\u00edpio e at\u00e9 com o prefeito, para ver se o devido apoio e incentivo a equipe de futebol seria dado. Mas o mesmo acabou recebendo sucessivas respostas negativas, em que a prefeitura est\u00e1 sem condi\u00e7\u00f5es financeiras para arcar com as despesas de apoio a equipe para a competi\u00e7\u00e3o.<\/div>\n<div><img fetchpriority=\"high\" decoding=\"async\" class=\"aligncenter wp-image-31141 size-full\" src=\"http:\/\/caririemacao.com\/1\/wp-content\/uploads\/2017\/10\/sport.jpg\" alt=\"\" width=\"540\" height=\"304\" srcset=\"https:\/\/www.caririemacao.com\/1\/wp-content\/uploads\/2017\/10\/sport.jpg 540w, https:\/\/www.caririemacao.com\/1\/wp-content\/uploads\/2017\/10\/sport-300x169.jpg 300w\" sizes=\"(max-width: 540px) 100vw, 540px\" \/><\/div>\n<div>\nDespesas b\u00e1sicas essas na qual seriam as taxas de inscri\u00e7\u00e3o e de arbitragem e na locomo\u00e7\u00e3o dos atletas para as partidas realizadas nos munic\u00edpios circunvizinhos. Despesas essas, quem sem o apoio do poder p\u00fablico, fica invi\u00e1vel uma equipe de jovens garotos sem ter apoio e incentivo de nada, estar continuando a participar de uma grande competi\u00e7\u00e3o h\u00e1 n\u00edvel regional.<\/div>\n<div>A equipe de futebol de S\u00e3o Jo\u00e3o do Cariri vem por meio comunicar aos atletas, comiss\u00e3o e torcedores, que infelizmente a equipe do Sport Clube Malhada Sub 20 est\u00e1 oficialmente deixando a competi\u00e7\u00e3o por motivos retratados acima na mat\u00e9ria. E aproveita o espa\u00e7o para pedir humildemente desculpas aos atletas, aos pais, aos torcedores e toda a popula\u00e7\u00e3o pelo desligamento da equipe da competi\u00e7\u00e3o.<\/div>\n<p><strong>CARIRI EM A\u00c7\u00c3O<\/strong><\/p>\n<p><em>Com Cariri Esportes Informa\u00e7\u00f5es Marcos Mukeka (Treinador) \/Foto: Reprodu\u00e7\u00e3o<\/em><\/p>\n<p><strong>Leia mais not\u00edcias em\u00a0<\/strong><a href=\"http:\/\/www.caririemacao.com\/\"><strong>caririemacao.com<\/strong><\/a><strong>, siga nossa p\u00e1gina no\u00a0<\/strong><a href=\"https:\/\/www.facebook.com\/CaririEmAcao\/?ref=aymt_homepage_panel\"><strong>Facebook<\/strong><\/a>,<strong>\u00a0<\/strong><a href=\"https:\/\/www.instagram.com\/cariri_em_acao\/?hl=pt-br\"><strong>Instagram<\/strong><\/a><strong>\u00a0e <\/strong><a href=\"https:\/\/www.youtube.com\/channel\/UCAptA0jQuYQy8vMhLt2m4qg\"><strong>Youtube<\/strong><\/a><strong>\u00a0e veja nossas mat\u00e9rias, v\u00eddeos e fotos. Voc\u00ea tamb\u00e9m pode enviar informa\u00e7\u00f5es \u00e0 Reda\u00e7\u00e3o do Portal Cariri em A\u00e7\u00e3o pelo WhatsApp (83) 9 9634.5791, (83) 9 9601-1162.<\/strong><\/p>\n","protected":false},"excerpt":{"rendered":"<p>A atual campe\u00e3 da Copa Cariri de Futebol Sub 20, a equipe do Sport Club Malhada, pertencente ao Distrito de Malhada da Ro\u00e7a, representada pelo&hellip; <\/p>\n","protected":false},"author":2,"featured_media":31140,"comment_status":"closed","ping_status":"closed","sticky":false,"template":"","format":"standard","meta":{"sfsi_plus_gutenberg_text_before_share":"","sfsi_plus_gutenberg_show_text_before_share":"","sfsi_plus_gutenberg_icon_type":"","sfsi_plus_gutenberg_icon_alignemt":"","sfsi_plus_gutenburg_max_per_row":"","footnotes":""},"categories":[13],"tags":[],"class_list":["post-31139","post","type-post","status-publish","format-standard","has-post-thumbnail","hentry","category-esportes"],"_links":{"self":[{"href":"https:\/\/www.caririemacao.com\/1\/wp-json\/wp\/v2\/posts\/31139","targetHints":{"allow":["GET"]}}],"collection":[{"href":"https:\/\/www.caririemacao.com\/1\/wp-json\/wp\/v2\/posts"}],"about":[{"href":"https:\/\/www.caririemacao.com\/1\/wp-json\/wp\/v2\/types\/post"}],"author":[{"embeddable":true,"href":"https:\/\/www.caririemacao.com\/1\/wp-json\/wp\/v2\/users\/2"}],"replies":[{"embeddable":true,"href":"https:\/\/www.caririemacao.com\/1\/wp-json\/wp\/v2\/comments?post=31139"}],"version-history":[{"count":0,"href":"https:\/\/www.caririemacao.com\/1\/wp-json\/wp\/v2\/posts\/31139\/revisions"}],"wp:featuredmedia":[{"embeddable":true,"href":"https:\/\/www.caririemacao.com\/1\/wp-json\/wp\/v2\/media\/31140"}],"wp:attachment":[{"href":"https:\/\/www.caririemacao.com\/1\/wp-json\/wp\/v2\/media?parent=31139"}],"wp:term":[{"taxonomy":"category","embeddable":true,"href":"https:\/\/www.caririemacao.com\/1\/wp-json\/wp\/v2\/categories?post=31139"},{"taxonomy":"post_tag","embeddable":true,"href":"https:\/\/www.caririemacao.com\/1\/wp-json\/wp\/v2\/tags?post=31139"}],"curies":[{"name":"wp","href":"https:\/\/api.w.org\/{rel}","templated":true}]}}