{"id":31157,"date":"2017-10-21T14:40:22","date_gmt":"2017-10-21T17:40:22","guid":{"rendered":"http:\/\/caririemacao.com\/1\/?p=31157"},"modified":"2017-10-21T14:40:22","modified_gmt":"2017-10-21T17:40:22","slug":"camara-de-parari-realiza-sessao-e-projeto-que-disciplina-falta-dos-vereadores-e-apresentado-2","status":"publish","type":"post","link":"https:\/\/www.caririemacao.com\/1\/2017\/10\/21\/camara-de-parari-realiza-sessao-e-projeto-que-disciplina-falta-dos-vereadores-e-apresentado-2\/","title":{"rendered":"C\u00e2mara de Parari realiza sess\u00e3o e projeto que disciplina falta dos vereadores \u00e9 apresentado"},"content":{"rendered":"<p>Na noite da \u00faltima sexta-feira (20) a C\u00e2mara Municipal de Parari, \u201ccasa Jos\u00e9 Acelino de Queiroz\u201d, realizou a 14\u00aa sess\u00e3o ordin\u00e1ria, os trabalhos desta sexta-feira contou com apenas sete dos nove vereadores.<\/p>\n<p><img fetchpriority=\"high\" decoding=\"async\" class=\"aligncenter wp-image-31145 size-full\" src=\"http:\/\/caririemacao.com\/1\/wp-content\/uploads\/2017\/10\/DSC_0007.jpg\" alt=\"\" width=\"800\" height=\"532\" srcset=\"https:\/\/www.caririemacao.com\/1\/wp-content\/uploads\/2017\/10\/DSC_0007.jpg 800w, https:\/\/www.caririemacao.com\/1\/wp-content\/uploads\/2017\/10\/DSC_0007-300x200.jpg 300w, https:\/\/www.caririemacao.com\/1\/wp-content\/uploads\/2017\/10\/DSC_0007-768x511.jpg 768w\" sizes=\"(max-width: 800px) 100vw, 800px\" \/><\/p>\n<p>A sess\u00e3o foi presidida pelo vereador, Josenildo dos Santos (PTB), e ocorreu no sal\u00e3o nobre da C\u00e2mara Municipal, na pauta da reuni\u00e3o constava um projeto de lei (PL) e um projeto de resolu\u00e7\u00e3o.<\/p>\n<p><img decoding=\"async\" class=\"aligncenter wp-image-31146 size-full lazyload\" data-src=\"http:\/\/caririemacao.com\/1\/wp-content\/uploads\/2017\/10\/DSC_0031.jpg\" alt=\"\" width=\"800\" height=\"532\" data-srcset=\"https:\/\/www.caririemacao.com\/1\/wp-content\/uploads\/2017\/10\/DSC_0031.jpg 800w, https:\/\/www.caririemacao.com\/1\/wp-content\/uploads\/2017\/10\/DSC_0031-300x200.jpg 300w, https:\/\/www.caririemacao.com\/1\/wp-content\/uploads\/2017\/10\/DSC_0031-768x511.jpg 768w\" data-sizes=\"(max-width: 800px) 100vw, 800px\" src=\"data:image\/svg+xml;base64,PHN2ZyB3aWR0aD0iMSIgaGVpZ2h0PSIxIiB4bWxucz0iaHR0cDovL3d3dy53My5vcmcvMjAwMC9zdmciPjwvc3ZnPg==\" style=\"--smush-placeholder-width: 800px; --smush-placeholder-aspect-ratio: 800\/532;\" \/><\/p>\n<p>O PL de autoria do Executivo Municipal, enviado a casa legislativa pedia uma autoriza\u00e7\u00e3o ao parlamento para realiza\u00e7\u00e3o de um leil\u00e3o de ve\u00edculos e sucatas. Ainda durante a sess\u00e3o foi a apresentado o projeto de resolu\u00e7\u00e3o, de n\u00famero 02\/2017, que visa disciplinar as faltas dos vereadores.<\/p>\n<p><a href=\"http:\/\/caririemacao.com\/1\/wp-content\/uploads\/2017\/10\/DSC_0033.jpg\"><img decoding=\"async\" class=\"alignnone wp-image-31147 size-full lazyload\" data-src=\"http:\/\/caririemacao.com\/1\/wp-content\/uploads\/2017\/10\/DSC_0033.jpg\" alt=\"\" width=\"800\" height=\"532\" data-srcset=\"https:\/\/www.caririemacao.com\/1\/wp-content\/uploads\/2017\/10\/DSC_0033.jpg 800w, https:\/\/www.caririemacao.com\/1\/wp-content\/uploads\/2017\/10\/DSC_0033-300x200.jpg 300w, https:\/\/www.caririemacao.com\/1\/wp-content\/uploads\/2017\/10\/DSC_0033-768x511.jpg 768w\" data-sizes=\"(max-width: 800px) 100vw, 800px\" src=\"data:image\/svg+xml;base64,PHN2ZyB3aWR0aD0iMSIgaGVpZ2h0PSIxIiB4bWxucz0iaHR0cDovL3d3dy53My5vcmcvMjAwMC9zdmciPjwvc3ZnPg==\" style=\"--smush-placeholder-width: 800px; --smush-placeholder-aspect-ratio: 800\/532;\" \/><\/a><\/p>\n<p>O Projeto de resolu\u00e7\u00e3o \u00e9 de autoria do vereador presidente, Josenildo dos Santos (Nildo), ambos os projetos foram encaminhados para as comiss\u00f5es e dever\u00e3o ser votadas na pr\u00f3xima sess\u00e3o, que est\u00e1 agendado para o pr\u00f3ximo dia 3 de novembro, \u00e0s 18h.<\/p>\n<p><strong>Veja Fotos dos Vereadores que estiveram participando da sess\u00e3o.\u00a0\u00a0<\/strong><\/p>\n<p><div class=\"ose- ose-uid-646e5018d75c1768ca4ff726c1c8ac0b ose-embedpress-responsive\" style=\"width:600px; height:550px; max-height:550px; max-width:100%; display:inline-block;\" data-embed-type=\"Facebook\"><iframe allowFullScreen=\"true\" class=\"embera-facebook-iframe-6bd9e lazyload\" data-src=\"https:\/\/www.facebook.com\/plugins\/post.php?href=https%3A%2F%2Fwww.facebook.com%2Fmedia%2Fset%2F%3Fset%3Da.1116156745187014.1073742590.302749469861083%26%23038%3Btype%3D1%26%23038%3Bl%3D115044f5ec&width=600&height=550&show_text=true\" width=\"600\" height=\"550\" style=\"border:none;overflow:hidden\" scrolling=\"no\" frameborder=\"0\" allowTransparency=\"true\" src=\"data:image\/svg+xml;base64,PHN2ZyB3aWR0aD0iMSIgaGVpZ2h0PSIxIiB4bWxucz0iaHR0cDovL3d3dy53My5vcmcvMjAwMC9zdmciPjwvc3ZnPg==\" data-load-mode=\"1\"><\/iframe><\/div><\/p>\n<p><strong>CARIRI EM A\u00c7\u00c3O<\/strong><\/p>\n<p><strong>Leia mais not\u00edcias em\u00a0<\/strong><a href=\"http:\/\/www.caririemacao.com\/\"><strong>caririemacao.com<\/strong><\/a><strong>, siga nossa p\u00e1gina no\u00a0<\/strong><a href=\"https:\/\/www.facebook.com\/CaririEmAcao\/?ref=aymt_homepage_panel\"><strong>Facebook<\/strong><\/a>,<strong>\u00a0<a href=\"https:\/\/www.instagram.com\/cariri_em_acao\/?hl=pt-br\">Instagram<\/a>\u00a0e <\/strong><a href=\"https:\/\/www.youtube.com\/channel\/UCAptA0jQuYQy8vMhLt2m4qg\"><strong>Youtube<\/strong><\/a><strong>\u00a0e veja nossas mat\u00e9rias, v\u00eddeos e fotos. Voc\u00ea tamb\u00e9m pode enviar informa\u00e7\u00f5es \u00e0 Reda\u00e7\u00e3o do Portal Cariri em A\u00e7\u00e3o pelo WhatsApp (83) 9 9634.5791, (83) 9 9601-1162.<\/strong><\/p>\n","protected":false},"excerpt":{"rendered":"<p>Na noite da \u00faltima sexta-feira (20) a C\u00e2mara Municipal de Parari, \u201ccasa Jos\u00e9 Acelino de Queiroz\u201d, realizou a 14\u00aa sess\u00e3o ordin\u00e1ria, os trabalhos desta sexta-feira&hellip; <\/p>\n","protected":false},"author":2,"featured_media":31144,"comment_status":"closed","ping_status":"closed","sticky":false,"template":"","format":"standard","meta":{"sfsi_plus_gutenberg_text_before_share":"","sfsi_plus_gutenberg_show_text_before_share":"","sfsi_plus_gutenberg_icon_type":"","sfsi_plus_gutenberg_icon_alignemt":"","sfsi_plus_gutenburg_max_per_row":"","footnotes":""},"categories":[6],"tags":[],"class_list":["post-31157","post","type-post","status-publish","format-standard","has-post-thumbnail","hentry","category-cidades"],"_links":{"self":[{"href":"https:\/\/www.caririemacao.com\/1\/wp-json\/wp\/v2\/posts\/31157","targetHints":{"allow":["GET"]}}],"collection":[{"href":"https:\/\/www.caririemacao.com\/1\/wp-json\/wp\/v2\/posts"}],"about":[{"href":"https:\/\/www.caririemacao.com\/1\/wp-json\/wp\/v2\/types\/post"}],"author":[{"embeddable":true,"href":"https:\/\/www.caririemacao.com\/1\/wp-json\/wp\/v2\/users\/2"}],"replies":[{"embeddable":true,"href":"https:\/\/www.caririemacao.com\/1\/wp-json\/wp\/v2\/comments?post=31157"}],"version-history":[{"count":0,"href":"https:\/\/www.caririemacao.com\/1\/wp-json\/wp\/v2\/posts\/31157\/revisions"}],"wp:featuredmedia":[{"embeddable":true,"href":"https:\/\/www.caririemacao.com\/1\/wp-json\/wp\/v2\/media\/31144"}],"wp:attachment":[{"href":"https:\/\/www.caririemacao.com\/1\/wp-json\/wp\/v2\/media?parent=31157"}],"wp:term":[{"taxonomy":"category","embeddable":true,"href":"https:\/\/www.caririemacao.com\/1\/wp-json\/wp\/v2\/categories?post=31157"},{"taxonomy":"post_tag","embeddable":true,"href":"https:\/\/www.caririemacao.com\/1\/wp-json\/wp\/v2\/tags?post=31157"}],"curies":[{"name":"wp","href":"https:\/\/api.w.org\/{rel}","templated":true}]}}