{"id":31161,"date":"2017-10-21T21:45:41","date_gmt":"2017-10-22T00:45:41","guid":{"rendered":"http:\/\/caririemacao.com\/1\/?p=31161"},"modified":"2017-10-22T12:09:05","modified_gmt":"2017-10-22T15:09:05","slug":"jovem-bate-em-muro-apos-perder-controle-de-motocicleta","status":"publish","type":"post","link":"https:\/\/www.caririemacao.com\/1\/2017\/10\/21\/jovem-bate-em-muro-apos-perder-controle-de-motocicleta\/","title":{"rendered":"Jovem bate em muro ap\u00f3s perder controle de motocicleta"},"content":{"rendered":"<p>Na tarde deste s\u00e1bado (21) um jovem, identificado como Juninho, se envolveu em um grave acidente, na cidade de Sum\u00e9 no Cariri.<\/p>\n<p>O fato ocorreu no bairro de V\u00e1rzea Redonda, nas proximidades do est\u00e1dio de esportes O Jacint\u00e3o. Juninho estava conduzindo uma Honda bros, cor cinza, quando foi fechado por um carro, o jovem perdeu o controle da moto e acabou batendo na parede do est\u00e1dio municipal.<\/p>\n<p>Juninho foi socorrido para o hospital Alice de Almeida, em Sum\u00e9, onde recebeu os devidos cuidados e foi removido para o hospital de trauma em Campina Grande.<\/p>\n<p>O jovem \u00e9 filho de Marcone que trabalha com Toinho sapateiro.<\/p>\n<p><strong>CARIRI EM A\u00c7\u00c3O<\/strong><\/p>\n<p><strong>Leia mais not\u00edcias em\u00a0<\/strong><a href=\"http:\/\/www.caririemacao.com\/\"><strong>caririemacao.com<\/strong><\/a><strong>, siga nossa p\u00e1gina no\u00a0<\/strong><a href=\"https:\/\/www.facebook.com\/CaririEmAcao\/?ref=aymt_homepage_panel\"><strong>Facebook<\/strong><\/a>,<strong>\u00a0<a href=\"https:\/\/www.instagram.com\/cariri_em_acao\/?hl=pt-br\">Instagram<\/a>\u00a0e <\/strong><a href=\"https:\/\/www.youtube.com\/channel\/UCAptA0jQuYQy8vMhLt2m4qg\"><strong>Youtube<\/strong><\/a><strong>\u00a0e veja nossas mat\u00e9rias, v\u00eddeos e fotos. Voc\u00ea tamb\u00e9m pode enviar informa\u00e7\u00f5es \u00e0 Reda\u00e7\u00e3o do Portal Cariri em A\u00e7\u00e3o pelo WhatsApp (83) 9 9634.5791, (83) 9 9601-1162.<\/strong><\/p>\n","protected":false},"excerpt":{"rendered":"<p>Na tarde deste s\u00e1bado (21) um jovem, identificado como Juninho, se envolveu em um grave acidente, na cidade de Sum\u00e9 no Cariri. O fato ocorreu&hellip; <\/p>\n","protected":false},"author":2,"featured_media":31162,"comment_status":"closed","ping_status":"closed","sticky":false,"template":"","format":"standard","meta":{"sfsi_plus_gutenberg_text_before_share":"","sfsi_plus_gutenberg_show_text_before_share":"","sfsi_plus_gutenberg_icon_type":"","sfsi_plus_gutenberg_icon_alignemt":"","sfsi_plus_gutenburg_max_per_row":"","footnotes":""},"categories":[12],"tags":[],"class_list":["post-31161","post","type-post","status-publish","format-standard","has-post-thumbnail","hentry","category-policia"],"_links":{"self":[{"href":"https:\/\/www.caririemacao.com\/1\/wp-json\/wp\/v2\/posts\/31161","targetHints":{"allow":["GET"]}}],"collection":[{"href":"https:\/\/www.caririemacao.com\/1\/wp-json\/wp\/v2\/posts"}],"about":[{"href":"https:\/\/www.caririemacao.com\/1\/wp-json\/wp\/v2\/types\/post"}],"author":[{"embeddable":true,"href":"https:\/\/www.caririemacao.com\/1\/wp-json\/wp\/v2\/users\/2"}],"replies":[{"embeddable":true,"href":"https:\/\/www.caririemacao.com\/1\/wp-json\/wp\/v2\/comments?post=31161"}],"version-history":[{"count":0,"href":"https:\/\/www.caririemacao.com\/1\/wp-json\/wp\/v2\/posts\/31161\/revisions"}],"wp:featuredmedia":[{"embeddable":true,"href":"https:\/\/www.caririemacao.com\/1\/wp-json\/wp\/v2\/media\/31162"}],"wp:attachment":[{"href":"https:\/\/www.caririemacao.com\/1\/wp-json\/wp\/v2\/media?parent=31161"}],"wp:term":[{"taxonomy":"category","embeddable":true,"href":"https:\/\/www.caririemacao.com\/1\/wp-json\/wp\/v2\/categories?post=31161"},{"taxonomy":"post_tag","embeddable":true,"href":"https:\/\/www.caririemacao.com\/1\/wp-json\/wp\/v2\/tags?post=31161"}],"curies":[{"name":"wp","href":"https:\/\/api.w.org\/{rel}","templated":true}]}}