{"id":311660,"date":"2026-03-21T21:51:48","date_gmt":"2026-03-22T00:51:48","guid":{"rendered":"https:\/\/www.caririemacao.com\/1\/?p=311660"},"modified":"2026-03-21T21:51:48","modified_gmt":"2026-03-22T00:51:48","slug":"jovem-morre-apos-perder-controle-de-moto-e-colidir-com-poste-em-zabele","status":"publish","type":"post","link":"https:\/\/www.caririemacao.com\/1\/2026\/03\/21\/jovem-morre-apos-perder-controle-de-moto-e-colidir-com-poste-em-zabele\/","title":{"rendered":"Jovem morre ap\u00f3s perder controle de moto e colidir com poste, em Zabel\u00ea"},"content":{"rendered":"<p data-start=\"59\" data-end=\"192\">Um grave acidente com v\u00edtima fatal foi registrado na noite deste s\u00e1bado (21), na chegada ao munic\u00edpio de Zabel\u00ea, no Cariri paraibano.<\/p>\n<p data-start=\"194\" data-end=\"361\">De acordo com as informa\u00e7\u00f5es, um jovem identificado como Gabriel, natural de S\u00e3o Sebasti\u00e3o do Umbuzeiro, conduzia uma motocicleta quando acabou colidindo com um poste.<\/p>\n<p data-start=\"363\" data-end=\"455\">O impacto foi violento, e o jovem n\u00e3o resistiu aos ferimentos, vindo a \u00f3bito ainda no local. As circunst\u00e2ncias do acidente ainda n\u00e3o foram oficialmente esclarecidas.<\/p>\n<p data-start=\"457\" data-end=\"529\">\n<p data-start=\"457\" data-end=\"529\"><strong>CARIRI EM A\u00c7\u00c3O<\/strong><\/p>\n","protected":false},"excerpt":{"rendered":"<p>Um grave acidente com v\u00edtima fatal foi registrado na noite deste s\u00e1bado (21), na chegada ao munic\u00edpio de Zabel\u00ea, no Cariri paraibano. De acordo com as informa\u00e7\u00f5es, um jovem identificado como Gabriel, natural de S\u00e3o Sebasti\u00e3o do Umbuzeiro, conduzia uma motocicleta quando acabou colidindo com um poste. O impacto foi violento, e o jovem n\u00e3o resistiu aos ferimentos, vindo a \u00f3bito ainda no local. As circunst\u00e2ncias do acidente ainda n\u00e3o foram oficialmente esclarecidas. CARIRI EM A\u00c7\u00c3O<\/p>\n","protected":false},"author":6,"featured_media":311661,"comment_status":"closed","ping_status":"closed","sticky":false,"template":"","format":"standard","meta":{"sfsi_plus_gutenberg_text_before_share":"","sfsi_plus_gutenberg_show_text_before_share":"","sfsi_plus_gutenberg_icon_type":"","sfsi_plus_gutenberg_icon_alignemt":"","sfsi_plus_gutenburg_max_per_row":"","footnotes":""},"categories":[50,2,12,97],"tags":[],"class_list":["post-311660","post","type-post","status-publish","format-standard","has-post-thumbnail","hentry","category-destaque","category-geral","category-policia","category-zabele"],"_links":{"self":[{"href":"https:\/\/www.caririemacao.com\/1\/wp-json\/wp\/v2\/posts\/311660","targetHints":{"allow":["GET"]}}],"collection":[{"href":"https:\/\/www.caririemacao.com\/1\/wp-json\/wp\/v2\/posts"}],"about":[{"href":"https:\/\/www.caririemacao.com\/1\/wp-json\/wp\/v2\/types\/post"}],"author":[{"embeddable":true,"href":"https:\/\/www.caririemacao.com\/1\/wp-json\/wp\/v2\/users\/6"}],"replies":[{"embeddable":true,"href":"https:\/\/www.caririemacao.com\/1\/wp-json\/wp\/v2\/comments?post=311660"}],"version-history":[{"count":1,"href":"https:\/\/www.caririemacao.com\/1\/wp-json\/wp\/v2\/posts\/311660\/revisions"}],"predecessor-version":[{"id":311662,"href":"https:\/\/www.caririemacao.com\/1\/wp-json\/wp\/v2\/posts\/311660\/revisions\/311662"}],"wp:featuredmedia":[{"embeddable":true,"href":"https:\/\/www.caririemacao.com\/1\/wp-json\/wp\/v2\/media\/311661"}],"wp:attachment":[{"href":"https:\/\/www.caririemacao.com\/1\/wp-json\/wp\/v2\/media?parent=311660"}],"wp:term":[{"taxonomy":"category","embeddable":true,"href":"https:\/\/www.caririemacao.com\/1\/wp-json\/wp\/v2\/categories?post=311660"},{"taxonomy":"post_tag","embeddable":true,"href":"https:\/\/www.caririemacao.com\/1\/wp-json\/wp\/v2\/tags?post=311660"}],"curies":[{"name":"wp","href":"https:\/\/api.w.org\/{rel}","templated":true}]}}