{"id":31169,"date":"2017-10-22T13:44:06","date_gmt":"2017-10-22T16:44:06","guid":{"rendered":"http:\/\/caririemacao.com\/1\/?p=31169"},"modified":"2017-10-22T13:44:06","modified_gmt":"2017-10-22T16:44:06","slug":"quase-3-mil-pessoas-fazem-concurso-em-sume","status":"publish","type":"post","link":"https:\/\/www.caririemacao.com\/1\/2017\/10\/22\/quase-3-mil-pessoas-fazem-concurso-em-sume\/","title":{"rendered":"Quase 3 mil pessoas fazem concurso em Sum\u00e9"},"content":{"rendered":"<p>Desde \u00e0s 08h da manh\u00e3 deste domingo, dia 22, 2.850 pessoas est\u00e3o fazendo provas do concurso p\u00fablico da Prefeitura de Sum\u00e9.<\/p>\n<p><a href=\"http:\/\/caririemacao.com\/1\/wp-content\/uploads\/2017\/10\/DSC_0033-1.jpg\"><img fetchpriority=\"high\" decoding=\"async\" class=\"aligncenter wp-image-31171 size-full\" src=\"http:\/\/caririemacao.com\/1\/wp-content\/uploads\/2017\/10\/DSC_0033-1.jpg\" alt=\"\" width=\"600\" height=\"400\" srcset=\"https:\/\/www.caririemacao.com\/1\/wp-content\/uploads\/2017\/10\/DSC_0033-1.jpg 600w, https:\/\/www.caririemacao.com\/1\/wp-content\/uploads\/2017\/10\/DSC_0033-1-300x200.jpg 300w\" sizes=\"(max-width: 600px) 100vw, 600px\" \/><\/a><\/p>\n<p>Ele concorrem a 70 vagas em cargos de n\u00edvel fundamental, m\u00e9dio e superior, com sal\u00e1rios entre R$ 937,00 e R$ 6.325,60. Pela manh\u00e3, fizeram provas pessoas que concorrem para os cargos dos Grupos Ocupacionais das atividades de N\u00edvel Elementar, N\u00edvel Superior e Servi\u00e7os de Sa\u00fade.<\/p>\n<p>J\u00e1 no per\u00edodo da tarde, fazem provas candidatos dos Grupos Ocupacionais de Atividades de N\u00edvel Intermedi\u00e1rio, Servi\u00e7os de Apoio Administrativo e Magist\u00e9rio P\u00fablico Municipal.<\/p>\n<p><a href=\"http:\/\/caririemacao.com\/1\/wp-content\/uploads\/2017\/10\/DSC_0036.jpg\"><img decoding=\"async\" class=\"aligncenter wp-image-31172 size-full lazyload\" data-src=\"http:\/\/caririemacao.com\/1\/wp-content\/uploads\/2017\/10\/DSC_0036.jpg\" alt=\"\" width=\"600\" height=\"400\" data-srcset=\"https:\/\/www.caririemacao.com\/1\/wp-content\/uploads\/2017\/10\/DSC_0036.jpg 600w, https:\/\/www.caririemacao.com\/1\/wp-content\/uploads\/2017\/10\/DSC_0036-300x200.jpg 300w\" data-sizes=\"(max-width: 600px) 100vw, 600px\" src=\"data:image\/svg+xml;base64,PHN2ZyB3aWR0aD0iMSIgaGVpZ2h0PSIxIiB4bWxucz0iaHR0cDovL3d3dy53My5vcmcvMjAwMC9zdmciPjwvc3ZnPg==\" style=\"--smush-placeholder-width: 600px; --smush-placeholder-aspect-ratio: 600\/400;\" \/><\/a><\/p>\n<p>Os gabaritos provis\u00f3rios ser\u00e3o divulgados no site da CPCON <a href=\"http:\/\/www.cpcon.uepb.edu.br\/\">http:\/\/www.cpcon.uepb.edu.br<\/a>.<\/p>\n<p><strong>CARIRI EM A\u00c7\u00c3O<\/strong><\/p>\n<p><strong>Leia mais not\u00edcias em\u00a0<\/strong><a href=\"http:\/\/www.caririemacao.com\/\"><strong>caririemacao.com<\/strong><\/a><strong>, siga nossa p\u00e1gina no\u00a0<\/strong><a href=\"https:\/\/www.facebook.com\/CaririEmAcao\/?ref=aymt_homepage_panel\"><strong>Facebook<\/strong><\/a>,<strong>\u00a0<a href=\"https:\/\/www.instagram.com\/cariri_em_acao\/?hl=pt-br\">Instagram<\/a>\u00a0e <\/strong><a href=\"https:\/\/www.youtube.com\/channel\/UCAptA0jQuYQy8vMhLt2m4qg\"><strong>Youtube<\/strong><\/a><strong>\u00a0e veja nossas mat\u00e9rias, v\u00eddeos e fotos. Voc\u00ea tamb\u00e9m pode enviar informa\u00e7\u00f5es \u00e0 Reda\u00e7\u00e3o do Portal Cariri em A\u00e7\u00e3o pelo WhatsApp (83) 9 9634.5791, (83) 9 9601-1162.<\/strong><\/p>\n","protected":false},"excerpt":{"rendered":"<p>Desde \u00e0s 08h da manh\u00e3 deste domingo, dia 22, 2.850 pessoas est\u00e3o fazendo provas do concurso p\u00fablico da Prefeitura de Sum\u00e9. Ele concorrem a 70&hellip; <\/p>\n","protected":false},"author":2,"featured_media":31170,"comment_status":"closed","ping_status":"closed","sticky":false,"template":"","format":"standard","meta":{"sfsi_plus_gutenberg_text_before_share":"","sfsi_plus_gutenberg_show_text_before_share":"","sfsi_plus_gutenberg_icon_type":"","sfsi_plus_gutenberg_icon_alignemt":"","sfsi_plus_gutenburg_max_per_row":"","footnotes":""},"categories":[2],"tags":[],"class_list":["post-31169","post","type-post","status-publish","format-standard","has-post-thumbnail","hentry","category-geral"],"_links":{"self":[{"href":"https:\/\/www.caririemacao.com\/1\/wp-json\/wp\/v2\/posts\/31169","targetHints":{"allow":["GET"]}}],"collection":[{"href":"https:\/\/www.caririemacao.com\/1\/wp-json\/wp\/v2\/posts"}],"about":[{"href":"https:\/\/www.caririemacao.com\/1\/wp-json\/wp\/v2\/types\/post"}],"author":[{"embeddable":true,"href":"https:\/\/www.caririemacao.com\/1\/wp-json\/wp\/v2\/users\/2"}],"replies":[{"embeddable":true,"href":"https:\/\/www.caririemacao.com\/1\/wp-json\/wp\/v2\/comments?post=31169"}],"version-history":[{"count":0,"href":"https:\/\/www.caririemacao.com\/1\/wp-json\/wp\/v2\/posts\/31169\/revisions"}],"wp:featuredmedia":[{"embeddable":true,"href":"https:\/\/www.caririemacao.com\/1\/wp-json\/wp\/v2\/media\/31170"}],"wp:attachment":[{"href":"https:\/\/www.caririemacao.com\/1\/wp-json\/wp\/v2\/media?parent=31169"}],"wp:term":[{"taxonomy":"category","embeddable":true,"href":"https:\/\/www.caririemacao.com\/1\/wp-json\/wp\/v2\/categories?post=31169"},{"taxonomy":"post_tag","embeddable":true,"href":"https:\/\/www.caririemacao.com\/1\/wp-json\/wp\/v2\/tags?post=31169"}],"curies":[{"name":"wp","href":"https:\/\/api.w.org\/{rel}","templated":true}]}}