{"id":311727,"date":"2026-03-23T07:00:54","date_gmt":"2026-03-23T10:00:54","guid":{"rendered":"https:\/\/www.caririemacao.com\/1\/?p=311727"},"modified":"2026-03-23T08:48:17","modified_gmt":"2026-03-23T11:48:17","slug":"meteorologia-alerta-para-chuvas-e-ventos-fortes-em-cidades-do-sertao","status":"publish","type":"post","link":"https:\/\/www.caririemacao.com\/1\/2026\/03\/23\/meteorologia-alerta-para-chuvas-e-ventos-fortes-em-cidades-do-sertao\/","title":{"rendered":"Meteorologia alerta para chuvas e ventos fortes em cidades do Sert\u00e3o"},"content":{"rendered":"<p>O Instituto Nacional de Meteorologia (Inmet) emitiu um alerta de previs\u00e3o de chuvas intensas e ventos fortes para 81 cidades da Para\u00edba nesta segunda-feira (23).<\/p>\n<p>Segundo o Inmet, podem ocorrer chuvas entre de at\u00e9 50 mil\u00edmetros por dia, com baixo risco de corte de energia el\u00e9trica, queda de galhos de \u00e1rvores, alagamentos e de descargas el\u00e9tricas. Al\u00e9m disso, ventos de at\u00e9 60 quil\u00f4metros por hora podem ser registrados nas cidades sob aviso.<\/p>\n<p>O Inmet orienta a popula\u00e7\u00e3o para que, em caso de rajadas de vento, n\u00e3o se abrigue debaixo de \u00e1rvores, pois h\u00e1 leve risco de queda e descargas el\u00e9tricas. Aconselha tamb\u00e9m para n\u00e3o estacionar ve\u00edculos pr\u00f3ximo a torres de transmiss\u00e3o e placas de propaganda.<\/p>\n<p><strong>Veja lista das cidades em alerta:<\/strong><\/p>\n<p>\u00c1gua Branca<br \/>\nAguiar<br \/>\nAparecida<br \/>\nBel\u00e9m do Brejo do Cruz<br \/>\nBernardino Batista<br \/>\nBoa Ventura<br \/>\nBom Jesus<br \/>\nBom Sucesso<br \/>\nBonito de Santa F\u00e9<br \/>\nBrejo do Cruz<br \/>\nBrejo dos Santos<br \/>\nCachoeira dos \u00cdndios<br \/>\nCacimba de Areia<br \/>\nCacimbas<br \/>\nCajazeiras<br \/>\nCajazeirinhas<br \/>\nCarrapateira<br \/>\nCatingueira<br \/>\nCatol\u00e9 do Rocha<br \/>\nConcei\u00e7\u00e3o<br \/>\nCondado<br \/>\nCoremas<br \/>\nCurral Velho<br \/>\nDesterro<br \/>\nDiamante<br \/>\nEmas<br \/>\nIbiara<br \/>\nIgaracy<br \/>\nImaculada<br \/>\nItaporanga<br \/>\nJeric\u00f3<br \/>\nJoca Claudino<br \/>\nJuru<br \/>\nLagoa<br \/>\nLastro<br \/>\nM\u00e3e d\u2019\u00c1gua<br \/>\nMalta<br \/>\nMana\u00edra<br \/>\nMariz\u00f3polis<br \/>\nMato Grosso<br \/>\nMatur\u00e9ia<br \/>\nMonte Horebe<br \/>\nNazarezinho<br \/>\nNova Olinda<br \/>\nOlho d\u2019\u00c1gua<br \/>\nPatos<br \/>\nPaulista<br \/>\nPedra Branca<br \/>\nPianc\u00f3<br \/>\nPo\u00e7o Dantas<br \/>\nPo\u00e7o de Jos\u00e9 de Moura<br \/>\nPombal<br \/>\nPrincesa Isabel<br \/>\nQuixaba<br \/>\nRiacho dos Cavalos<br \/>\nSanta Cruz<br \/>\nSanta Helena<br \/>\nSanta In\u00eas<br \/>\nSantana de Mangueira<br \/>\nSantana dos Garrotes<br \/>\nSanta Teresinha<br \/>\nS\u00e3o Bentinho<br \/>\nS\u00e3o Bento<br \/>\nS\u00e3o Domingos<br \/>\nS\u00e3o Francisco<br \/>\nS\u00e3o Jo\u00e3o do Rio do Peixe<br \/>\nS\u00e3o Jos\u00e9 da Lagoa Tapada<br \/>\nS\u00e3o Jos\u00e9 de Caiana<br \/>\nS\u00e3o Jos\u00e9 de Espinharas<br \/>\nS\u00e3o Jos\u00e9 de Piranhas<br \/>\nS\u00e3o Jos\u00e9 de Princesa<br \/>\nS\u00e3o Jos\u00e9 do Bonfim<br \/>\nS\u00e3o Jos\u00e9 do Brejo do Cruz<br \/>\nSerra Grande<br \/>\nSousa<br \/>\nTavares<br \/>\nTeixeira<br \/>\nTriunfo<br \/>\nUira\u00fana<br \/>\nVieir\u00f3polis<br \/>\nVista Serrana<\/p>\n<p>FONTE: MaisPB<\/p>\n","protected":false},"excerpt":{"rendered":"<p>O Instituto Nacional de Meteorologia (Inmet) emitiu um alerta de previs\u00e3o de chuvas intensas e ventos fortes para 81 cidades da Para\u00edba nesta segunda-feira (23). Segundo o Inmet, podem ocorrer chuvas entre de at\u00e9 50 mil\u00edmetros por dia, com baixo risco de corte de energia el\u00e9trica, queda de galhos de \u00e1rvores, alagamentos e de descargas el\u00e9tricas. Al\u00e9m disso, ventos de at\u00e9 60 quil\u00f4metros por hora podem ser registrados nas cidades sob aviso. O Inmet orienta a popula\u00e7\u00e3o para que, em caso de rajadas de vento, n\u00e3o se abrigue debaixo de \u00e1rvores, pois h\u00e1 leve risco de queda e descargas el\u00e9tricas. Aconselha tamb\u00e9m para n\u00e3o estacionar ve\u00edculos pr\u00f3ximo a torres de transmiss\u00e3o e placas de propaganda. Veja lista das cidades em alerta: \u00c1gua Branca Aguiar Aparecida Bel\u00e9m do Brejo do Cruz Bernardino Batista Boa Ventura Bom Jesus Bom Sucesso Bonito de Santa F\u00e9 Brejo do Cruz Brejo dos Santos Cachoeira dos \u00cdndios Cacimba de Areia Cacimbas Cajazeiras Cajazeirinhas Carrapateira Catingueira Catol\u00e9 do Rocha Concei\u00e7\u00e3o Condado Coremas Curral Velho Desterro Diamante Emas Ibiara Igaracy Imaculada Itaporanga Jeric\u00f3 Joca Claudino Juru Lagoa Lastro M\u00e3e d\u2019\u00c1gua Malta Mana\u00edra Mariz\u00f3polis Mato Grosso Matur\u00e9ia Monte Horebe Nazarezinho Nova Olinda Olho d\u2019\u00c1gua Patos Paulista Pedra Branca Pianc\u00f3 Po\u00e7o Dantas Po\u00e7o de Jos\u00e9 de Moura Pombal Princesa Isabel Quixaba Riacho dos Cavalos Santa Cruz Santa Helena Santa In\u00eas Santana de Mangueira Santana dos Garrotes Santa Teresinha S\u00e3o Bentinho S\u00e3o Bento S\u00e3o Domingos S\u00e3o Francisco S\u00e3o Jo\u00e3o do Rio do Peixe S\u00e3o Jos\u00e9 da Lagoa Tapada S\u00e3o Jos\u00e9 de Caiana S\u00e3o Jos\u00e9 de Espinharas S\u00e3o Jos\u00e9 de Piranhas S\u00e3o Jos\u00e9 de Princesa S\u00e3o Jos\u00e9 do Bonfim S\u00e3o Jos\u00e9 do Brejo do Cruz Serra Grande Sousa Tavares Teixeira Triunfo Uira\u00fana Vieir\u00f3polis Vista Serrana FONTE: MaisPB<\/p>\n","protected":false},"author":6,"featured_media":311729,"comment_status":"closed","ping_status":"closed","sticky":false,"template":"","format":"standard","meta":{"sfsi_plus_gutenberg_text_before_share":"","sfsi_plus_gutenberg_show_text_before_share":"","sfsi_plus_gutenberg_icon_type":"","sfsi_plus_gutenberg_icon_alignemt":"","sfsi_plus_gutenburg_max_per_row":"","footnotes":""},"categories":[50,105],"tags":[],"class_list":["post-311727","post","type-post","status-publish","format-standard","has-post-thumbnail","hentry","category-destaque","category-sertao"],"_links":{"self":[{"href":"https:\/\/www.caririemacao.com\/1\/wp-json\/wp\/v2\/posts\/311727","targetHints":{"allow":["GET"]}}],"collection":[{"href":"https:\/\/www.caririemacao.com\/1\/wp-json\/wp\/v2\/posts"}],"about":[{"href":"https:\/\/www.caririemacao.com\/1\/wp-json\/wp\/v2\/types\/post"}],"author":[{"embeddable":true,"href":"https:\/\/www.caririemacao.com\/1\/wp-json\/wp\/v2\/users\/6"}],"replies":[{"embeddable":true,"href":"https:\/\/www.caririemacao.com\/1\/wp-json\/wp\/v2\/comments?post=311727"}],"version-history":[{"count":1,"href":"https:\/\/www.caririemacao.com\/1\/wp-json\/wp\/v2\/posts\/311727\/revisions"}],"predecessor-version":[{"id":311730,"href":"https:\/\/www.caririemacao.com\/1\/wp-json\/wp\/v2\/posts\/311727\/revisions\/311730"}],"wp:featuredmedia":[{"embeddable":true,"href":"https:\/\/www.caririemacao.com\/1\/wp-json\/wp\/v2\/media\/311729"}],"wp:attachment":[{"href":"https:\/\/www.caririemacao.com\/1\/wp-json\/wp\/v2\/media?parent=311727"}],"wp:term":[{"taxonomy":"category","embeddable":true,"href":"https:\/\/www.caririemacao.com\/1\/wp-json\/wp\/v2\/categories?post=311727"},{"taxonomy":"post_tag","embeddable":true,"href":"https:\/\/www.caririemacao.com\/1\/wp-json\/wp\/v2\/tags?post=311727"}],"curies":[{"name":"wp","href":"https:\/\/api.w.org\/{rel}","templated":true}]}}