{"id":311749,"date":"2026-03-23T09:20:45","date_gmt":"2026-03-23T12:20:45","guid":{"rendered":"https:\/\/www.caririemacao.com\/1\/?p=311749"},"modified":"2026-03-23T09:20:45","modified_gmt":"2026-03-23T12:20:45","slug":"jovem-morre-apos-incidente-em-poco-no-rio-taperoa-em-cabaceiras","status":"publish","type":"post","link":"https:\/\/www.caririemacao.com\/1\/2026\/03\/23\/jovem-morre-apos-incidente-em-poco-no-rio-taperoa-em-cabaceiras\/","title":{"rendered":"Jovem morre ap\u00f3s incidente em po\u00e7o no Rio Tapero\u00e1, em Cabaceiras"},"content":{"rendered":"<p>Um jovem identificado como Jos\u00e9 Erivan, conhecido popularmente como \u201cJanjan\u201d, morreu neste domingo ap\u00f3s um incidente registrado em um po\u00e7o no Rio Tapero\u00e1, no munic\u00edpio de Cabaceiras, no Cariri paraibano.<\/p>\n<p>Filho de Joaninha e de \u201cBrejeiro\u201d, conhecido comerciante e morador do bairro Novo Horizonte, Jos\u00e9 Erivan era bastante conhecido na comunidade local.<\/p>\n<p>De acordo com informa\u00e7\u00f5es de pessoas que estavam no local, o jovem participava de um momento de lazer acompanhado de amigos e outras pessoas. Testemunhas relataram que ele teria demonstrado a inten\u00e7\u00e3o de pular de uma pedra, sendo inicialmente contido pelos presentes. Em um momento posterior, no entanto, ele entrou na \u00e1gua.<\/p>\n<p>Ap\u00f3s algum tempo sem ser visto, amigos perceberam sua aus\u00eancia e iniciaram buscas. O jovem foi localizado no fundo do po\u00e7o e retirado da \u00e1gua, sendo submetido a tentativas de reanima\u00e7\u00e3o.<\/p>\n<p>O Servi\u00e7o de Atendimento M\u00f3vel de Urg\u00eancia (SAMU) foi acionado, mas, ao chegar ao local, a equipe constatou o \u00f3bito.<\/p>\n<p>Segundo relatos de testemunhas, Jos\u00e9 Erivan enfrentava crises convulsivas, o que pode ter contribu\u00eddo para o ocorrido. A causa da morte, no entanto, dever\u00e1 ser confirmada pelo N\u00facleo de Medicina e Odontologia Legal (Numol).<\/p>\n<p>&nbsp;<\/p>\n<p><strong>CARIRI EM A\u00c7\u00c3O<\/strong><\/p>\n<p><em>Com Cabaceirasinfocopb<\/em><\/p>\n","protected":false},"excerpt":{"rendered":"<p>Um jovem identificado como Jos\u00e9 Erivan, conhecido popularmente como \u201cJanjan\u201d, morreu neste domingo ap\u00f3s um incidente registrado em um po\u00e7o no Rio Tapero\u00e1, no munic\u00edpio de Cabaceiras, no Cariri paraibano. Filho de Joaninha e de \u201cBrejeiro\u201d, conhecido comerciante e morador do bairro Novo Horizonte, Jos\u00e9 Erivan era bastante conhecido na comunidade local. De acordo com informa\u00e7\u00f5es de pessoas que estavam no local, o jovem participava de um momento de lazer acompanhado de amigos e outras pessoas. Testemunhas relataram que ele teria demonstrado a inten\u00e7\u00e3o de pular de uma pedra, sendo inicialmente contido pelos presentes. Em um momento posterior, no entanto, ele entrou na \u00e1gua. Ap\u00f3s algum tempo sem ser visto, amigos perceberam sua aus\u00eancia e iniciaram buscas. O jovem foi localizado no fundo do po\u00e7o e retirado da \u00e1gua, sendo submetido a tentativas de reanima\u00e7\u00e3o. O Servi\u00e7o de Atendimento M\u00f3vel de Urg\u00eancia (SAMU) foi acionado, mas, ao chegar ao local, a equipe constatou o \u00f3bito. Segundo relatos de testemunhas, Jos\u00e9 Erivan enfrentava crises convulsivas, o que pode ter contribu\u00eddo para o ocorrido. A causa da morte, no entanto, dever\u00e1 ser confirmada pelo N\u00facleo de Medicina e Odontologia Legal (Numol). &nbsp; CARIRI EM A\u00c7\u00c3O Com Cabaceirasinfocopb<\/p>\n","protected":false},"author":6,"featured_media":311750,"comment_status":"closed","ping_status":"closed","sticky":false,"template":"","format":"standard","meta":{"sfsi_plus_gutenberg_text_before_share":"","sfsi_plus_gutenberg_show_text_before_share":"","sfsi_plus_gutenberg_icon_type":"","sfsi_plus_gutenberg_icon_alignemt":"","sfsi_plus_gutenburg_max_per_row":"","footnotes":""},"categories":[70,50,2],"tags":[],"class_list":["post-311749","post","type-post","status-publish","format-standard","has-post-thumbnail","hentry","category-cabaceiras","category-destaque","category-geral"],"_links":{"self":[{"href":"https:\/\/www.caririemacao.com\/1\/wp-json\/wp\/v2\/posts\/311749","targetHints":{"allow":["GET"]}}],"collection":[{"href":"https:\/\/www.caririemacao.com\/1\/wp-json\/wp\/v2\/posts"}],"about":[{"href":"https:\/\/www.caririemacao.com\/1\/wp-json\/wp\/v2\/types\/post"}],"author":[{"embeddable":true,"href":"https:\/\/www.caririemacao.com\/1\/wp-json\/wp\/v2\/users\/6"}],"replies":[{"embeddable":true,"href":"https:\/\/www.caririemacao.com\/1\/wp-json\/wp\/v2\/comments?post=311749"}],"version-history":[{"count":1,"href":"https:\/\/www.caririemacao.com\/1\/wp-json\/wp\/v2\/posts\/311749\/revisions"}],"predecessor-version":[{"id":311751,"href":"https:\/\/www.caririemacao.com\/1\/wp-json\/wp\/v2\/posts\/311749\/revisions\/311751"}],"wp:featuredmedia":[{"embeddable":true,"href":"https:\/\/www.caririemacao.com\/1\/wp-json\/wp\/v2\/media\/311750"}],"wp:attachment":[{"href":"https:\/\/www.caririemacao.com\/1\/wp-json\/wp\/v2\/media?parent=311749"}],"wp:term":[{"taxonomy":"category","embeddable":true,"href":"https:\/\/www.caririemacao.com\/1\/wp-json\/wp\/v2\/categories?post=311749"},{"taxonomy":"post_tag","embeddable":true,"href":"https:\/\/www.caririemacao.com\/1\/wp-json\/wp\/v2\/tags?post=311749"}],"curies":[{"name":"wp","href":"https:\/\/api.w.org\/{rel}","templated":true}]}}