{"id":312828,"date":"2026-04-14T09:10:13","date_gmt":"2026-04-14T12:10:13","guid":{"rendered":"https:\/\/www.caririemacao.com\/1\/?p=312828"},"modified":"2026-08-24T22:01:14","modified_gmt":"2026-08-25T01:01:14","slug":"programacao-da-festa-do-bode-rei-2026-em-cabaceiras-e-divulgada","status":"publish","type":"post","link":"https:\/\/www.caririemacao.com\/1\/2026\/04\/14\/programacao-da-festa-do-bode-rei-2026-em-cabaceiras-e-divulgada\/","title":{"rendered":"Programa\u00e7\u00e3o da Festa do Bode Rei 2026, em Cabaceiras, \u00e9 divulgada"},"content":{"rendered":"<div class=\"row content-head mc-column non-featured \">\n<div class=\"medium-centered subtitle\">\n<p class=\"content-head__subtitle\"><em><strong>Evento vai acontecer entre os dias 4 e 7 de junho. Entre principais atra\u00e7\u00f5es est\u00e3o Mano Walter e Mastruz com Leite.<\/strong><\/em><\/p>\n<div id=\"chunk-8ab8l\">\n<div class=\"mc-column content-text active-extra-styles \" data-block-type=\"unstyled\" data-block-weight=\"45\" data-block-id=\"3\">\n<p class=\" content-text__container \" data-track-category=\"Link no Texto\" data-track-links=\"\" data-mrf-recirculation=\"Mat\u00e9ria - Links no Texto\">A Festa do Bode Rei 2025, em Cabaceiras, no Cariri paraibano, acontece nos dias 4, 5, 6 e 7 de junho. Entre as atra\u00e7\u00f5es confirmadas no tradicional evento est\u00e3o Mano Walter e Mastruz com Leite (veja a programa\u00e7\u00e3o de shows completa ao fim desta reportagem).<\/p>\n<\/div>\n<\/div>\n<div class=\"wall protected-content\">\n<div id=\"chunk-9ljoe\">\n<div class=\"mc-column content-text active-extra-styles \" data-block-type=\"unstyled\" data-block-weight=\"23\" data-block-id=\"5\">\n<p class=\" content-text__container \" data-track-category=\"Link no Texto\" data-track-links=\"\" data-mrf-recirculation=\"Mat\u00e9ria - Links no Texto\">A programa\u00e7\u00e3o inclui shows musicais, exposi\u00e7\u00e3o de produtos \u00e0 base de couro, leite de cabra e diversos outros feitos por produtores da regi\u00e3o.<\/p>\n<\/div>\n<\/div>\n<div id=\"chunk-1vvtg\">\n<div class=\"mc-column content-text active-extra-styles \" data-block-type=\"unstyled\" data-block-weight=\"20\" data-block-id=\"6\">\n<p class=\" content-text__container \" data-track-category=\"Link no Texto\" data-track-links=\"\" data-mrf-recirculation=\"Mat\u00e9ria - Links no Texto\">Esta ser\u00e1 a 27\u00aa edi\u00e7\u00e3o da Festa do Bode Rei, um dos maiores festivais de caprinos e ovinos do Brasil.<\/p>\n<\/div>\n<\/div>\n<div id=\"chunk-76iia\">\n<div class=\"mc-column content-text active-extra-styles \" data-block-type=\"unstyled\" data-block-weight=\"23\" data-block-id=\"7\">\n<p class=\" content-text__container \" data-track-category=\"Link no Texto\" data-track-links=\"\" data-mrf-recirculation=\"Mat\u00e9ria - Links no Texto\">A festa ir\u00e1 come\u00e7ar na quinta-feira (4), data em que o munic\u00edpio celebra seu anivers\u00e1rio de 191 anos, seguindo at\u00e9 o domingo.<\/p>\n<div id=\"chunk-300dj\">\n<div class=\"mc-column content-text active-extra-styles \" data-block-type=\"unstyled\" data-block-weight=\"30\" data-block-id=\"9\">\n<p class=\" content-text__container \" data-track-category=\"Link no Texto\" data-track-links=\"\" data-mrf-recirculation=\"Mat\u00e9ria - Links no Texto\">Esse ano, o canga\u00e7o ser\u00e1 o tema central da edi\u00e7\u00e3o 2026, com destaque para a hist\u00f3ria de Lampi\u00e3o, que servir\u00e1 de inspira\u00e7\u00e3o para a ambienta\u00e7\u00e3o e atividades culturais do evento.<\/p>\n<\/div>\n<\/div>\n<div id=\"chunk-d1ivo\">\n<div class=\"mc-column content-text active-extra-styles \" data-block-type=\"unstyled\" data-block-weight=\"34\" data-block-id=\"10\">\n<p class=\" content-text__container \" data-track-category=\"Link no Texto\" data-track-links=\"\" data-mrf-recirculation=\"Mat\u00e9ria - Links no Texto\">Entre as novidades dessa edi\u00e7\u00e3o est\u00e1 a cria\u00e7\u00e3o de um Museu do Canga\u00e7o, que ser\u00e1 implantado na cidade e integrar\u00e1 o roteiro tur\u00edstico local, fortalecendo ainda mais o segmento cultural e hist\u00f3rico do munic\u00edpio.<\/p>\n<\/div>\n<\/div>\n<div id=\"chunk-3061p\">\n<div class=\"mc-column content-text active-extra-styles\" data-block-type=\"raw\" data-block-weight=\"7\" data-block-id=\"11\">\n<div class=\"content-intertitle\">\n<h2>Programa\u00e7\u00e3o completa da Festa do Bode Rei:<\/h2>\n<\/div>\n<\/div>\n<\/div>\n<div id=\"chunk-f2iua\">\n<div class=\"mc-column content-text active-extra-styles \" data-block-type=\"unstyled\" data-block-weight=\"2\" data-block-id=\"12\">\n<p class=\" content-text__container \" data-track-category=\"Link no Texto\" data-track-links=\"\" data-mrf-recirculation=\"Mat\u00e9ria - Links no Texto\"><strong>Sexta-feita (5)<\/strong><\/p>\n<\/div>\n<\/div>\n<div id=\"chunk-d1621\">\n<div class=\"mc-column content-text active-extra-styles\" data-block-type=\"raw\" data-block-weight=\"6\" data-block-id=\"13\">\n<ul class=\"content-unordered-list\" data-mrf-recirculation=\"Mat\u00e9ria - Leia Tamb\u00e9m (Lista)\">\n<li>Klever Lemos<\/li>\n<li>Filipe Santos<\/li>\n<li>S\u00e2mya Maia<\/li>\n<\/ul>\n<\/div>\n<\/div>\n<div id=\"chunk-ef3v2\">\n<div class=\"mc-column content-text active-extra-styles \" data-block-type=\"unstyled\" data-block-weight=\"2\" data-block-id=\"14\">\n<p class=\" content-text__container \" data-track-category=\"Link no Texto\" data-track-links=\"\" data-mrf-recirculation=\"Mat\u00e9ria - Links no Texto\"><strong>S\u00e1bado (6)<\/strong><\/p>\n<\/div>\n<\/div>\n<div id=\"chunk-ff8qa\">\n<div class=\"mc-column content-text active-extra-styles\" data-block-type=\"raw\" data-block-weight=\"17\" data-block-id=\"15\">\n<ul class=\"content-unordered-list\" data-mrf-recirculation=\"Mat\u00e9ria - Leia Tamb\u00e9m (Lista)\">\n<li>Rafael Vaz<\/li>\n<li>L\u00facia Lemos<\/li>\n<li>Juarez<\/li>\n<li>Forr\u00f3 do Bode Rei<\/li>\n<li>Berinho Lima<\/li>\n<li>Forr\u00f3 Universit\u00e1rio<\/li>\n<li>Gabriel Magnata<\/li>\n<li>Mano Walter<\/li>\n<\/ul>\n<\/div>\n<\/div>\n<div id=\"chunk-fmmhs\">\n<div class=\"mc-column content-text active-extra-styles \" data-block-type=\"unstyled\" data-block-weight=\"3\" data-block-id=\"16\">\n<p class=\" content-text__container \" data-track-category=\"Link no Texto\" data-track-links=\"\" data-mrf-recirculation=\"Mat\u00e9ria - Links no Texto\"><strong>Domingo (7)<\/strong><\/p>\n<\/div>\n<\/div>\n<div id=\"chunk-52ubt\">\n<div class=\"mc-column content-text active-extra-styles\" data-block-type=\"raw\" data-block-weight=\"17\" data-block-id=\"17\">\n<ul class=\"content-unordered-list\" data-mrf-recirculation=\"Mat\u00e9ria - Leia Tamb\u00e9m (Lista)\">\n<li>Forroz\u00e3o Karkar\u00e1<\/li>\n<li>Douglas Leon<\/li>\n<li>Samara Costa<\/li>\n<li>J. Show e Chap\u00e9u de Palha<\/li>\n<li>Lucy Alves<\/li>\n<li>Mastruz com Leite<\/li>\n<\/ul>\n<\/div>\n<\/div>\n<\/div>\n<\/div>\n<\/div>\n<\/div>\n<\/div>\n<div class=\"content__signa-share mc-column\">\n<div class=\"content__signature\">\n<div class=\"content-publication-data\">\n<p class=\"content-publication-data__text\">FONTE: G1<\/p>\n<\/div>\n<\/div>\n<\/div>\n","protected":false},"excerpt":{"rendered":"<p>Evento vai acontecer entre os dias 4 e 7 de junho. Entre principais atra\u00e7\u00f5es est\u00e3o Mano Walter e Mastruz com Leite. A Festa do Bode Rei 2025, em Cabaceiras, no Cariri paraibano, acontece nos dias 4, 5, 6 e 7 de junho. Entre as atra\u00e7\u00f5es confirmadas no tradicional evento est\u00e3o Mano Walter e Mastruz com Leite (veja a programa\u00e7\u00e3o de shows completa ao fim desta reportagem). A programa\u00e7\u00e3o inclui shows musicais, exposi\u00e7\u00e3o de produtos \u00e0 base de couro, leite de cabra e diversos outros feitos por produtores da regi\u00e3o. Esta ser\u00e1 a 27\u00aa edi\u00e7\u00e3o da Festa do Bode Rei, um dos maiores festivais de caprinos e ovinos do Brasil. A festa ir\u00e1 come\u00e7ar na quinta-feira (4), data em que o munic\u00edpio celebra seu anivers\u00e1rio de 191 anos, seguindo at\u00e9 o domingo. Esse ano, o canga\u00e7o ser\u00e1 o tema central da edi\u00e7\u00e3o 2026, com destaque para a hist\u00f3ria de Lampi\u00e3o, que servir\u00e1 de inspira\u00e7\u00e3o para a ambienta\u00e7\u00e3o e atividades culturais do evento. Entre as novidades dessa edi\u00e7\u00e3o est\u00e1 a cria\u00e7\u00e3o de um Museu do Canga\u00e7o, que ser\u00e1 implantado na cidade e integrar\u00e1 o roteiro tur\u00edstico local, fortalecendo ainda mais o segmento cultural e hist\u00f3rico do munic\u00edpio. Programa\u00e7\u00e3o completa da Festa do Bode Rei: Sexta-feita (5) Klever Lemos Filipe Santos S\u00e2mya Maia S\u00e1bado (6) Rafael Vaz L\u00facia Lemos Juarez Forr\u00f3 do Bode Rei Berinho Lima Forr\u00f3 Universit\u00e1rio Gabriel Magnata Mano Walter Domingo (7) Forroz\u00e3o Karkar\u00e1 Douglas Leon Samara Costa J. Show e Chap\u00e9u de Palha Lucy Alves Mastruz com Leite FONTE: G1<\/p>\n","protected":false},"author":6,"featured_media":312829,"comment_status":"closed","ping_status":"closed","sticky":false,"template":"","format":"standard","meta":{"sfsi_plus_gutenberg_text_before_share":"","sfsi_plus_gutenberg_show_text_before_share":"","sfsi_plus_gutenberg_icon_type":"","sfsi_plus_gutenberg_icon_alignemt":"","sfsi_plus_gutenburg_max_per_row":"","footnotes":""},"categories":[70,50],"tags":[],"class_list":["post-312828","post","type-post","status-publish","format-standard","has-post-thumbnail","hentry","category-cabaceiras","category-destaque"],"_links":{"self":[{"href":"https:\/\/www.caririemacao.com\/1\/wp-json\/wp\/v2\/posts\/312828","targetHints":{"allow":["GET"]}}],"collection":[{"href":"https:\/\/www.caririemacao.com\/1\/wp-json\/wp\/v2\/posts"}],"about":[{"href":"https:\/\/www.caririemacao.com\/1\/wp-json\/wp\/v2\/types\/post"}],"author":[{"embeddable":true,"href":"https:\/\/www.caririemacao.com\/1\/wp-json\/wp\/v2\/users\/6"}],"replies":[{"embeddable":true,"href":"https:\/\/www.caririemacao.com\/1\/wp-json\/wp\/v2\/comments?post=312828"}],"version-history":[{"count":1,"href":"https:\/\/www.caririemacao.com\/1\/wp-json\/wp\/v2\/posts\/312828\/revisions"}],"predecessor-version":[{"id":312830,"href":"https:\/\/www.caririemacao.com\/1\/wp-json\/wp\/v2\/posts\/312828\/revisions\/312830"}],"wp:featuredmedia":[{"embeddable":true,"href":"https:\/\/www.caririemacao.com\/1\/wp-json\/wp\/v2\/media\/312829"}],"wp:attachment":[{"href":"https:\/\/www.caririemacao.com\/1\/wp-json\/wp\/v2\/media?parent=312828"}],"wp:term":[{"taxonomy":"category","embeddable":true,"href":"https:\/\/www.caririemacao.com\/1\/wp-json\/wp\/v2\/categories?post=312828"},{"taxonomy":"post_tag","embeddable":true,"href":"https:\/\/www.caririemacao.com\/1\/wp-json\/wp\/v2\/tags?post=312828"}],"curies":[{"name":"wp","href":"https:\/\/api.w.org\/{rel}","templated":true}]}}