{"id":313093,"date":"2026-04-18T16:02:46","date_gmt":"2026-04-18T19:02:46","guid":{"rendered":"https:\/\/www.caririemacao.com\/1\/?p=313093"},"modified":"2026-04-18T16:02:46","modified_gmt":"2026-04-18T19:02:46","slug":"vice-prefeito-do-congo-dera-pereira-prestigia-aniversario-de-serra-branca-ao-lado-de-liderancas-estaduais","status":"publish","type":"post","link":"https:\/\/www.caririemacao.com\/1\/2026\/04\/18\/vice-prefeito-do-congo-dera-pereira-prestigia-aniversario-de-serra-branca-ao-lado-de-liderancas-estaduais\/","title":{"rendered":"Vice-prefeito do Congo, Dera Pereira, prestigia anivers\u00e1rio de Serra Branca ao lado de lideran\u00e7as estaduais"},"content":{"rendered":"<p data-start=\"113\" data-end=\"373\">O vice-prefeito de <span class=\"hover:entity-accent entity-underline inline cursor-pointer align-baseline\"><span class=\"whitespace-normal\">Congo<\/span><\/span>, <span class=\"hover:entity-accent entity-underline inline cursor-pointer align-baseline\"><span class=\"whitespace-normal\">Dera Pereira<\/span><\/span>, esteve presente nas comemora\u00e7\u00f5es pelos 67 anos de emancipa\u00e7\u00e3o pol\u00edtica de <span class=\"hover:entity-accent entity-underline inline cursor-pointer align-baseline\"><span class=\"whitespace-normal\">Serra Branca<\/span><\/span>, realizadas neste s\u00e1bado (18), no Cariri paraibano.<\/p>\n<p data-start=\"375\" data-end=\"603\">Dera participou da programa\u00e7\u00e3o ao lado do deputado estadual <span class=\"hover:entity-accent entity-underline inline cursor-pointer align-baseline\"><span class=\"whitespace-normal\">Dr. Romualdo<\/span><\/span> e do senador <span class=\"hover:entity-accent entity-underline inline cursor-pointer align-baseline\"><span class=\"whitespace-normal\">Veneziano Vital do R\u00eago<\/span><\/span>, refor\u00e7ando a integra\u00e7\u00e3o entre lideran\u00e7as pol\u00edticas da regi\u00e3o durante o evento.<\/p>\n<p data-start=\"605\" data-end=\"1011\">Durante a visita, o vice-prefeito destacou a import\u00e2ncia da data para o munic\u00edpio vizinho e ressaltou a relev\u00e2ncia de momentos como esse para fortalecer parcerias. \u201c\u00c9 uma grande alegria participar desse momento especial para Serra Branca. Parabenizo toda a popula\u00e7\u00e3o pelos 67 anos de hist\u00f3ria e reafirmo nosso compromisso de seguir trabalhando juntos, buscando sempre melhorias para nossa regi\u00e3o\u201d, afirmou.<\/p>\n<p data-start=\"1013\" data-end=\"1195\" data-is-last-node=\"\" data-is-only-node=\"\">As comemora\u00e7\u00f5es em Serra Branca reuniram autoridades, lideran\u00e7as pol\u00edticas e a popula\u00e7\u00e3o em uma programa\u00e7\u00e3o marcada por entregas, a\u00e7\u00f5es administrativas e celebra\u00e7\u00f5es alusivas \u00e0 data.<\/p>\n<p data-start=\"1013\" data-end=\"1195\" data-is-last-node=\"\" data-is-only-node=\"\">\n<p data-start=\"1013\" data-end=\"1195\" data-is-last-node=\"\" data-is-only-node=\"\"><strong>CARIRI EM A\u00c7\u00c3O<\/strong><\/p>\n","protected":false},"excerpt":{"rendered":"<p>O vice-prefeito de Congo, Dera Pereira, esteve presente nas comemora\u00e7\u00f5es pelos 67 anos de emancipa\u00e7\u00e3o pol\u00edtica de Serra Branca, realizadas neste s\u00e1bado (18), no Cariri paraibano. Dera participou da programa\u00e7\u00e3o ao lado do deputado estadual Dr. Romualdo e do senador Veneziano Vital do R\u00eago, refor\u00e7ando a integra\u00e7\u00e3o entre lideran\u00e7as pol\u00edticas da regi\u00e3o durante o evento. Durante a visita, o vice-prefeito destacou a import\u00e2ncia da data para o munic\u00edpio vizinho e ressaltou a relev\u00e2ncia de momentos como esse para fortalecer parcerias. \u201c\u00c9 uma grande alegria participar desse momento especial para Serra Branca. Parabenizo toda a popula\u00e7\u00e3o pelos 67 anos de hist\u00f3ria e reafirmo nosso compromisso de seguir trabalhando juntos, buscando sempre melhorias para nossa regi\u00e3o\u201d, afirmou. As comemora\u00e7\u00f5es em Serra Branca reuniram autoridades, lideran\u00e7as pol\u00edticas e a popula\u00e7\u00e3o em uma programa\u00e7\u00e3o marcada por entregas, a\u00e7\u00f5es administrativas e celebra\u00e7\u00f5es alusivas \u00e0 data. CARIRI EM A\u00c7\u00c3O<\/p>\n","protected":false},"author":6,"featured_media":313094,"comment_status":"closed","ping_status":"closed","sticky":false,"template":"","format":"standard","meta":{"sfsi_plus_gutenberg_text_before_share":"","sfsi_plus_gutenberg_show_text_before_share":"","sfsi_plus_gutenberg_icon_type":"","sfsi_plus_gutenberg_icon_alignemt":"","sfsi_plus_gutenburg_max_per_row":"","footnotes":""},"categories":[74,50,2,11],"tags":[],"class_list":["post-313093","post","type-post","status-publish","format-standard","has-post-thumbnail","hentry","category-congo","category-destaque","category-geral","category-politica"],"_links":{"self":[{"href":"https:\/\/www.caririemacao.com\/1\/wp-json\/wp\/v2\/posts\/313093","targetHints":{"allow":["GET"]}}],"collection":[{"href":"https:\/\/www.caririemacao.com\/1\/wp-json\/wp\/v2\/posts"}],"about":[{"href":"https:\/\/www.caririemacao.com\/1\/wp-json\/wp\/v2\/types\/post"}],"author":[{"embeddable":true,"href":"https:\/\/www.caririemacao.com\/1\/wp-json\/wp\/v2\/users\/6"}],"replies":[{"embeddable":true,"href":"https:\/\/www.caririemacao.com\/1\/wp-json\/wp\/v2\/comments?post=313093"}],"version-history":[{"count":1,"href":"https:\/\/www.caririemacao.com\/1\/wp-json\/wp\/v2\/posts\/313093\/revisions"}],"predecessor-version":[{"id":313095,"href":"https:\/\/www.caririemacao.com\/1\/wp-json\/wp\/v2\/posts\/313093\/revisions\/313095"}],"wp:featuredmedia":[{"embeddable":true,"href":"https:\/\/www.caririemacao.com\/1\/wp-json\/wp\/v2\/media\/313094"}],"wp:attachment":[{"href":"https:\/\/www.caririemacao.com\/1\/wp-json\/wp\/v2\/media?parent=313093"}],"wp:term":[{"taxonomy":"category","embeddable":true,"href":"https:\/\/www.caririemacao.com\/1\/wp-json\/wp\/v2\/categories?post=313093"},{"taxonomy":"post_tag","embeddable":true,"href":"https:\/\/www.caririemacao.com\/1\/wp-json\/wp\/v2\/tags?post=313093"}],"curies":[{"name":"wp","href":"https:\/\/api.w.org\/{rel}","templated":true}]}}