{"id":313113,"date":"2026-04-19T13:49:15","date_gmt":"2026-04-19T16:49:15","guid":{"rendered":"https:\/\/www.caririemacao.com\/1\/?p=313113"},"modified":"2026-04-19T13:49:40","modified_gmt":"2026-04-19T16:49:40","slug":"senador-destaca-andancas-pela-paraiba-defende-cicero-lucena-e-critica-decisoes-partidarias","status":"publish","type":"post","link":"https:\/\/www.caririemacao.com\/1\/2026\/04\/19\/senador-destaca-andancas-pela-paraiba-defende-cicero-lucena-e-critica-decisoes-partidarias\/","title":{"rendered":"Senador destaca andan\u00e7as pela Para\u00edba, defende C\u00edcero Lucena e critica decis\u00f5es partid\u00e1rias"},"content":{"rendered":"<p>Durante entrevista ao Portal Cariri em A\u00e7\u00e3o, na manh\u00e3 deste s\u00e1bado, na cidade de Serra Branca, interior da Para\u00edba, o senador avaliou o cen\u00e1rio eleitoral e destacou a intensidade das agendas pelo estado da Para\u00edba, afirmando que a receptividade da popula\u00e7\u00e3o tem sido positiva.<\/p>\n<p>Segundo ele, as visitas t\u00eam resultado na amplia\u00e7\u00e3o de apoios pol\u00edticos, fruto, segundo sua avalia\u00e7\u00e3o, do trabalho desenvolvido ao longo dos \u00faltimos anos.<\/p>\n<p>\u201cTem sido uma caminhada intensa, mas extremamente receptiva. Temos ampliado in\u00fameros apoios gra\u00e7as ao trabalho apresentado. N\u00e3o somos uma inven\u00e7\u00e3o pol\u00edtica, temos atua\u00e7\u00e3o em todos os munic\u00edpios da Para\u00edba\u201d, afirmou.<\/p>\n<p>O senador refor\u00e7ou que sua trajet\u00f3ria pol\u00edtica \u00e9 baseada em resultados e criticou pr\u00e1ticas como a compra de votos, destacando que busca conquistar a confian\u00e7a do eleitor com trabalho.<\/p>\n<p>\u201cN\u00e3o queremos comprar voto. Queremos conquistar o voto e a confian\u00e7a do paraibano com o trabalho que apresentamos nesses sete anos e tr\u00eas meses\u201d, disse.<\/p>\n<p><strong>DEFESA DO NOME DE C\u00cdCERO LUCENA<\/strong><\/p>\n<p>Ao comentar a escolha de C\u00edcero Lucena como pr\u00e9-candidato, o senador elogiou a experi\u00eancia administrativa do gestor. \u201cC\u00edcero n\u00e3o \u00e9 uma inven\u00e7\u00e3o. Um cidad\u00e3o que foi prefeito quatro vezes, sendo quatro vezes na capital, demonstra claramente sua capacidade administrativa\u201d, destacou.<\/p>\n<p>Ele afirmou ainda que v\u00ea seguran\u00e7a na candidatura e confian\u00e7a na condu\u00e7\u00e3o do estado.<\/p>\n<p><strong>CR\u00cdTICAS \u00c0 POSI\u00c7\u00c3O DO PT<\/strong><\/p>\n<p>O parlamentar tamb\u00e9m comentou decis\u00f5es partid\u00e1rias no cen\u00e1rio nacional, demonstrando preocupa\u00e7\u00e3o com poss\u00edveis impactos eleitorais.<\/p>\n<p>Segundo ele, alian\u00e7as locais podem prejudicar o projeto nacional do Luiz In\u00e1cio Lula da Silva.<\/p>\n<p>\u201cQuem pode sair prejudicado n\u00e3o sou eu nem C\u00edcero, mas o pr\u00f3prio projeto nacional do presidente Lula\u201d, avaliou.<\/p>\n<p><strong>EXPECTATIVAS PARA O MDB<\/strong><\/p>\n<p>Sobre a forma\u00e7\u00e3o de chapas, o senador projetou crescimento do MDB na Para\u00edba. \u201cAcredito que o MDB far\u00e1 entre 7 e 8 deputados estaduais e pelo menos 2 deputados federais\u201d, afirmou.<\/p>\n<p>Ele explicou ainda que houve articula\u00e7\u00e3o com o PSD, que deve liderar a composi\u00e7\u00e3o federal.<\/p>\n<p><strong>BALAN\u00c7O DO MANDATO<\/strong><\/p>\n<p>Ao falar sobre a possibilidade de um novo mandato, o senador destacou obras e a\u00e7\u00f5es realizadas.<\/p>\n<p>\u201c\u00c9 continuar trabalhando com a mesma disposi\u00e7\u00e3o. Conseguimos viabilizar a duplica\u00e7\u00e3o da BR-230, buscamos recursos para a triplica\u00e7\u00e3o e levamos investimentos para todos os munic\u00edpios da Para\u00edba\u201d, pontuou.<\/p>\n<p>Finalizando, ele afirmou que espera o reconhecimento da popula\u00e7\u00e3o para continuar representando o estado no Senado.<\/p>\n<p><strong>CONFIRA A ENTREVISTA NA INTEGRA. <a href=\"https:\/\/www.instagram.com\/reel\/DXUgRJaxq_a\/?utm_source=ig_web_copy_link&amp;igsh=MzRlODBiNWFlZA==\">CLIQUE AQUI.<\/a><\/strong><\/p>\n<p><div class=\"ose-instagram-feed ose-uid-7704b3f390b1b7247806ae2bbe182fcd ose-embedpress-responsive\" style=\"width:600px; height:550px; max-height:550px; max-width:100%; display:inline-block;\" data-embed-type=\"instagram\"><iframe allowFullScreen=\"true\" width=\"600px\" width=\"550px\" allowtransparency=\"true\" allowfullscreen=\"true\" frameborder=\"0\" height=\"550\" data-instgrm-payload-id=\"instagram-media-payload-0\" scrolling=\"no\" style=\"background-color: white; border-radius: 3px; border: 1px solid rgb(219, 219, 219); box-shadow: none; display: block; margin: 0px 0px 12px; min-width: 326px; padding: 0px;\" class=\"instagram-media instagram-media-rendered\" src=\"https:\/\/www.instagram.com\/reel\/DXUgRJaxq_a\/embed\">Fetching content<\/iframe>==<\/div><\/p>\n<p><strong>CARIRI EM A\u00c7\u00c3O<\/strong><\/p>\n","protected":false},"excerpt":{"rendered":"<p>Durante entrevista ao Portal Cariri em A\u00e7\u00e3o, na manh\u00e3 deste s\u00e1bado, na cidade de Serra Branca, interior da Para\u00edba, o senador avaliou o cen\u00e1rio eleitoral e destacou a intensidade das agendas pelo estado da Para\u00edba, afirmando que a receptividade da popula\u00e7\u00e3o tem sido positiva. Segundo ele, as visitas t\u00eam resultado na amplia\u00e7\u00e3o de apoios pol\u00edticos, fruto, segundo sua avalia\u00e7\u00e3o, do trabalho desenvolvido ao longo dos \u00faltimos anos. \u201cTem sido uma caminhada intensa, mas extremamente receptiva. Temos ampliado in\u00fameros apoios gra\u00e7as ao trabalho apresentado. N\u00e3o somos uma inven\u00e7\u00e3o pol\u00edtica, temos atua\u00e7\u00e3o em todos os munic\u00edpios da Para\u00edba\u201d, afirmou. O senador refor\u00e7ou que sua trajet\u00f3ria pol\u00edtica \u00e9 baseada em resultados e criticou pr\u00e1ticas como a compra de votos, destacando que busca conquistar a confian\u00e7a do eleitor com trabalho. \u201cN\u00e3o queremos comprar voto. Queremos conquistar o voto e a confian\u00e7a do paraibano com o trabalho que apresentamos nesses sete anos e tr\u00eas meses\u201d, disse. DEFESA DO NOME DE C\u00cdCERO LUCENA Ao comentar a escolha de C\u00edcero Lucena como pr\u00e9-candidato, o senador elogiou a experi\u00eancia administrativa do gestor. \u201cC\u00edcero n\u00e3o \u00e9 uma inven\u00e7\u00e3o. Um cidad\u00e3o que foi prefeito quatro vezes, sendo quatro vezes na capital, demonstra claramente sua capacidade administrativa\u201d, destacou. Ele afirmou ainda que v\u00ea seguran\u00e7a na candidatura e confian\u00e7a na condu\u00e7\u00e3o do estado. CR\u00cdTICAS \u00c0 POSI\u00c7\u00c3O DO PT O parlamentar tamb\u00e9m comentou decis\u00f5es partid\u00e1rias no cen\u00e1rio nacional, demonstrando preocupa\u00e7\u00e3o com poss\u00edveis impactos eleitorais. Segundo ele, alian\u00e7as locais podem prejudicar o projeto nacional do Luiz In\u00e1cio Lula da Silva. \u201cQuem pode sair prejudicado n\u00e3o sou eu nem C\u00edcero, mas o pr\u00f3prio projeto nacional do presidente Lula\u201d, avaliou. EXPECTATIVAS PARA O MDB Sobre a forma\u00e7\u00e3o de chapas, o senador projetou crescimento do MDB na Para\u00edba. \u201cAcredito que o MDB far\u00e1 entre 7 e 8 deputados estaduais e pelo menos 2 deputados federais\u201d, afirmou. Ele explicou ainda que houve articula\u00e7\u00e3o com o PSD, que deve liderar a composi\u00e7\u00e3o federal. BALAN\u00c7O DO MANDATO Ao falar sobre a possibilidade de um novo mandato, o senador destacou obras e a\u00e7\u00f5es realizadas. \u201c\u00c9 continuar trabalhando com a mesma disposi\u00e7\u00e3o. Conseguimos viabilizar a duplica\u00e7\u00e3o da BR-230, buscamos recursos para a triplica\u00e7\u00e3o e levamos investimentos para todos os munic\u00edpios da Para\u00edba\u201d, pontuou. Finalizando, ele afirmou que espera o reconhecimento da popula\u00e7\u00e3o para continuar representando o estado no Senado. CONFIRA A ENTREVISTA NA INTEGRA. CLIQUE AQUI. Fetching content== CARIRI EM A\u00c7\u00c3O<\/p>\n","protected":false},"author":6,"featured_media":313114,"comment_status":"closed","ping_status":"closed","sticky":false,"template":"","format":"standard","meta":{"sfsi_plus_gutenberg_text_before_share":"","sfsi_plus_gutenberg_show_text_before_share":"","sfsi_plus_gutenberg_icon_type":"","sfsi_plus_gutenberg_icon_alignemt":"","sfsi_plus_gutenburg_max_per_row":"","footnotes":""},"categories":[161],"tags":[],"class_list":["post-313113","post","type-post","status-publish","format-standard","has-post-thumbnail","hentry","category-eleicoes-2026"],"_links":{"self":[{"href":"https:\/\/www.caririemacao.com\/1\/wp-json\/wp\/v2\/posts\/313113","targetHints":{"allow":["GET"]}}],"collection":[{"href":"https:\/\/www.caririemacao.com\/1\/wp-json\/wp\/v2\/posts"}],"about":[{"href":"https:\/\/www.caririemacao.com\/1\/wp-json\/wp\/v2\/types\/post"}],"author":[{"embeddable":true,"href":"https:\/\/www.caririemacao.com\/1\/wp-json\/wp\/v2\/users\/6"}],"replies":[{"embeddable":true,"href":"https:\/\/www.caririemacao.com\/1\/wp-json\/wp\/v2\/comments?post=313113"}],"version-history":[{"count":2,"href":"https:\/\/www.caririemacao.com\/1\/wp-json\/wp\/v2\/posts\/313113\/revisions"}],"predecessor-version":[{"id":313116,"href":"https:\/\/www.caririemacao.com\/1\/wp-json\/wp\/v2\/posts\/313113\/revisions\/313116"}],"wp:featuredmedia":[{"embeddable":true,"href":"https:\/\/www.caririemacao.com\/1\/wp-json\/wp\/v2\/media\/313114"}],"wp:attachment":[{"href":"https:\/\/www.caririemacao.com\/1\/wp-json\/wp\/v2\/media?parent=313113"}],"wp:term":[{"taxonomy":"category","embeddable":true,"href":"https:\/\/www.caririemacao.com\/1\/wp-json\/wp\/v2\/categories?post=313113"},{"taxonomy":"post_tag","embeddable":true,"href":"https:\/\/www.caririemacao.com\/1\/wp-json\/wp\/v2\/tags?post=313113"}],"curies":[{"name":"wp","href":"https:\/\/api.w.org\/{rel}","templated":true}]}}