{"id":313125,"date":"2026-04-19T17:17:58","date_gmt":"2026-04-19T20:17:58","guid":{"rendered":"https:\/\/www.caririemacao.com\/1\/?p=313125"},"modified":"2026-04-19T17:17:58","modified_gmt":"2026-04-19T20:17:58","slug":"piloto-de-helicoptero-que-caiu-em-campina-grande-e-preso-apos-ser-identificada-falta-de-habilitacao","status":"publish","type":"post","link":"https:\/\/www.caririemacao.com\/1\/2026\/04\/19\/piloto-de-helicoptero-que-caiu-em-campina-grande-e-preso-apos-ser-identificada-falta-de-habilitacao\/","title":{"rendered":"Piloto de helic\u00f3ptero que caiu em Campina Grande \u00e9 preso ap\u00f3s ser identificada falta de habilita\u00e7\u00e3o"},"content":{"rendered":"<div class=\"row content-head mc-column non-featured \">\n<div class=\"medium-centered subtitle\">\n<p class=\"content-head__subtitle\"><em><strong>De acordo com a Pol\u00edcia Civil, homem est\u00e1 preso sob cust\u00f3dia ap\u00f3s precisar dar entrada novamente no Hospital de Trauma de Campina Grande. Audi\u00eancia de cust\u00f3dia deve acontecer antes de alta hospitalar.<\/strong><\/em><\/p>\n<p>O piloto do helic\u00f3ptero que caiu em\u00a0Campina Grande\u00a0foi preso pela Pol\u00edcia Civil. A informa\u00e7\u00e3o foi confirmada pelo delegado do caso, Rodrigo Monteiro, neste domingo (19). O homem de 46 anos n\u00e3o tinha habilita\u00e7\u00e3o para voar com a aeronave.\u00a0Quatro pessoas estavam na aeronave e tr\u00eas, entre elas o piloto, precisaram ser levadas ao hospital.<\/p>\n<div id=\"chunk-66cie\">\n<div class=\"mc-column content-text active-extra-styles \" data-block-type=\"unstyled\" data-block-weight=\"37\" data-block-id=\"6\">\n<p class=\" content-text__container \" data-track-category=\"Link no Texto\" data-track-links=\"\" data-mrf-recirculation=\"Mat\u00e9ria - Links no Texto\">O helic\u00f3ptero era pilotado pelo empres\u00e1rio Josevan Rodrigues Ferreira. Tamb\u00e9m estavam na aeronave o irm\u00e3o g\u00eameo do piloto, Josean Rodrigues Ferreira, o empres\u00e1rio Lamartynne Oliveira, dono do helic\u00f3ptero; e uma crian\u00e7a de 9 anos.<\/p>\n<\/div>\n<\/div>\n<div id=\"chunk-ck818\">\n<div class=\"content-ads content-ads--reveal\" data-block-type=\"ads\" data-block-id=\"7\">\n<div id=\"banner_materia2\" class=\"tag-manager-publicidade-container tag-manager-publicidade-banner_materia2 tag-manager-publicidade-container--carregado tag-manager-publicidade-container--visivel\" data-google-query-id=\"CK_3-73d-pMDFWarlQIdIl8Quw\">\n<div id=\"chunk-8k9hf\">\n<div class=\"mc-column content-text active-extra-styles \" data-block-type=\"unstyled\" data-block-weight=\"46\" data-block-id=\"8\">\n<p class=\" content-text__container \" data-track-category=\"Link no Texto\" data-track-links=\"\" data-mrf-recirculation=\"Mat\u00e9ria - Links no Texto\">De acordo com o delegado, ap\u00f3s o acidente ocorrido no final da manh\u00e3 do s\u00e1bado (18), o piloto precisou dar entrada no Hospital de Trauma de Campina Grande e, ap\u00f3s receber alta naquela oportunidade, acabou prestando depoimento e sendo preso. No interrogat\u00f3rio, ele ficou calado.<\/p>\n<\/div>\n<\/div>\n<div id=\"chunk-ccae2\">\n<div class=\"mc-column content-text active-extra-styles \" data-block-type=\"unstyled\" data-block-weight=\"44\" data-block-id=\"9\">\n<p class=\" content-text__container \" data-track-category=\"Link no Texto\" data-track-links=\"\" data-mrf-recirculation=\"Mat\u00e9ria - Links no Texto\">Ele precisou passar por novos atendimentos e, j\u00e1 sob cust\u00f3dia da Pol\u00edcia Civil, foi encaminhado novamente para o Hospital de Trauma na cidade, onde permanece internado. O delegado disse ainda que a audi\u00eancia de cust\u00f3dia deve acontecer antes do suspeito receber alta hospitalar.<\/p>\n<\/div>\n<\/div>\n<div id=\"chunk-e7nal\">\n<div class=\"mc-column content-text active-extra-styles \" data-block-type=\"unstyled\" data-block-weight=\"36\" data-block-id=\"10\">\n<p class=\" content-text__container \" data-track-category=\"Link no Texto\" data-track-links=\"\" data-mrf-recirculation=\"Mat\u00e9ria - Links no Texto\">Al\u00e9m da falta de habilita\u00e7\u00e3o, segundo as investiga\u00e7\u00f5es, o empres\u00e1rio estava com o certificado m\u00e9dico aeron\u00e1utico vencido. O piloto vai ser investigado por crime de atentado contra a seguran\u00e7a de transporte mar\u00edtimo, fluvial ou a\u00e9reo.<\/p>\n<\/div>\n<\/div>\n<div id=\"chunk-1q84v\">\n<div class=\"mc-column content-text active-extra-styles\" data-block-type=\"raw\" data-block-weight=\"22\" data-block-id=\"11\">\n<p class=\"content-text__container\" data-mrf-recirculation=\"Mat\u00e9ria - Links no Texto\">\n<blockquote class=\"content-blockquote theme-border-color-primary-before\"><p>&#8220;Foi confirmada a falta de habilita\u00e7\u00e3o para pilotar aquela aeronave, assim como o certificado m\u00e9dico aeron\u00e1utico vencido&#8221;, disse o delegado Rodrigo Monteiro.<\/p><\/blockquote>\n<p>&nbsp;<\/p>\n<\/div>\n<\/div>\n<div id=\"chunk-llf8\">\n<div class=\"mc-column content-text active-extra-styles \" data-block-type=\"unstyled\" data-block-weight=\"17\" data-block-id=\"12\">\n<p class=\" content-text__container \" data-track-category=\"Link no Texto\" data-track-links=\"\" data-mrf-recirculation=\"Mat\u00e9ria - Links no Texto\">O\u00a0<strong>g1<\/strong>\u00a0ainda n\u00e3o conseguiu um posicionamento de Josevan sobre as informa\u00e7\u00f5es divulgadas pela Pol\u00edcia Civil.<\/p>\n<\/div>\n<\/div>\n<div id=\"chunk-1508j\">\n<div class=\"mc-column content-text active-extra-styles \" data-block-type=\"unstyled\" data-block-weight=\"23\" data-block-id=\"13\">\n<p class=\" content-text__container \" data-track-category=\"Link no Texto\" data-track-links=\"\" data-mrf-recirculation=\"Mat\u00e9ria - Links no Texto\">As outras pessoas feridas, que tamb\u00e9m receberam alta do hospital no come\u00e7o da noite do s\u00e1bado (18), n\u00e3o precisaram de novos atendimentos.<\/p>\n<div id=\"chunk-6nn5o\">\n<div class=\"mc-column content-text active-extra-styles\" data-block-type=\"raw\" data-block-weight=\"5\" data-block-id=\"16\">\n<div class=\"content-intertitle\">\n<h2>O acidente em Campina Grande<\/h2>\n<\/div>\n<\/div>\n<\/div>\n<div id=\"chunk-7nbpn\">\n<div class=\"mc-column content-text active-extra-styles \" data-block-type=\"unstyled\" data-block-weight=\"18\" data-block-id=\"17\">\n<p class=\" content-text__container \" data-track-category=\"Link no Texto\" data-track-links=\"\" data-mrf-recirculation=\"Mat\u00e9ria - Links no Texto\">Imagens registraram o momento em que o helic\u00f3ptero caiu em Campina Grande,.Tr\u00eas pessoas precisaram ser levadas ao hospital<\/p>\n<\/div>\n<\/div>\n<div id=\"chunk-2qcdo\">\n<div class=\"mc-column content-text active-extra-styles \" data-block-type=\"unstyled\" data-block-weight=\"46\" data-block-id=\"18\">\n<p class=\" content-text__container \" data-track-category=\"Link no Texto\" data-track-links=\"\" data-mrf-recirculation=\"Mat\u00e9ria - Links no Texto\">As imagens mostram que a aeronave cai poucos segundos ap\u00f3s a decolagem. De acordo com a Corpo de Bombeiros, o helc\u00f3ptero saiu de Jo\u00e3o Pessoa e realizou um pouso para abastecimento em Campina Grande. Durante o processo de decolagem, o motor perdeu pot\u00eancia, segundo os Bombeiros.<\/p>\n<\/div>\n<\/div>\n<div id=\"chunk-20v0v\">\n<div class=\"mc-column content-text active-extra-styles \" data-block-type=\"unstyled\" data-block-weight=\"19\" data-block-id=\"19\">\n<p class=\" content-text__container \" data-track-category=\"Link no Texto\" data-track-links=\"\" data-mrf-recirculation=\"Mat\u00e9ria - Links no Texto\">Outras imagens mostram o momento em que as pessoas que estavam no helic\u00f3ptero s\u00e3o socorridas.<\/p>\n<\/div>\n<\/div>\n<\/div>\n<\/div>\n<\/div>\n<\/div>\n<\/div>\n<\/div>\n<\/div>\n<div class=\"content__signa-share mc-column\">\n<div class=\"content__signature\">\n<div class=\"content-publication-data\">\n<p class=\"content-publication-data__text\">FONTE: G1<\/p>\n<\/div>\n<\/div>\n<\/div>\n","protected":false},"excerpt":{"rendered":"<p>De acordo com a Pol\u00edcia Civil, homem est\u00e1 preso sob cust\u00f3dia ap\u00f3s precisar dar entrada novamente no Hospital de Trauma de Campina Grande. Audi\u00eancia de cust\u00f3dia deve acontecer antes de alta hospitalar. O piloto do helic\u00f3ptero que caiu em\u00a0Campina Grande\u00a0foi preso pela Pol\u00edcia Civil. A informa\u00e7\u00e3o foi confirmada pelo delegado do caso, Rodrigo Monteiro, neste domingo (19). O homem de 46 anos n\u00e3o tinha habilita\u00e7\u00e3o para voar com a aeronave.\u00a0Quatro pessoas estavam na aeronave e tr\u00eas, entre elas o piloto, precisaram ser levadas ao hospital. O helic\u00f3ptero era pilotado pelo empres\u00e1rio Josevan Rodrigues Ferreira. Tamb\u00e9m estavam na aeronave o irm\u00e3o g\u00eameo do piloto, Josean Rodrigues Ferreira, o empres\u00e1rio Lamartynne Oliveira, dono do helic\u00f3ptero; e uma crian\u00e7a de 9 anos. De acordo com o delegado, ap\u00f3s o acidente ocorrido no final da manh\u00e3 do s\u00e1bado (18), o piloto precisou dar entrada no Hospital de Trauma de Campina Grande e, ap\u00f3s receber alta naquela oportunidade, acabou prestando depoimento e sendo preso. No interrogat\u00f3rio, ele ficou calado. Ele precisou passar por novos atendimentos e, j\u00e1 sob cust\u00f3dia da Pol\u00edcia Civil, foi encaminhado novamente para o Hospital de Trauma na cidade, onde permanece internado. O delegado disse ainda que a audi\u00eancia de cust\u00f3dia deve acontecer antes do suspeito receber alta hospitalar. Al\u00e9m da falta de habilita\u00e7\u00e3o, segundo as investiga\u00e7\u00f5es, o empres\u00e1rio estava com o certificado m\u00e9dico aeron\u00e1utico vencido. O piloto vai ser investigado por crime de atentado contra a seguran\u00e7a de transporte mar\u00edtimo, fluvial ou a\u00e9reo. &#8220;Foi confirmada a falta de habilita\u00e7\u00e3o para pilotar aquela aeronave, assim como o certificado m\u00e9dico aeron\u00e1utico vencido&#8221;, disse o delegado Rodrigo Monteiro. &nbsp; O\u00a0g1\u00a0ainda n\u00e3o conseguiu um posicionamento de Josevan sobre as informa\u00e7\u00f5es divulgadas pela Pol\u00edcia Civil. As outras pessoas feridas, que tamb\u00e9m receberam alta do hospital no come\u00e7o da noite do s\u00e1bado (18), n\u00e3o precisaram de novos atendimentos. O acidente em Campina Grande Imagens registraram o momento em que o helic\u00f3ptero caiu em Campina Grande,.Tr\u00eas pessoas precisaram ser levadas ao hospital As imagens mostram que a aeronave cai poucos segundos ap\u00f3s a decolagem. De acordo com a Corpo de Bombeiros, o helc\u00f3ptero saiu de Jo\u00e3o Pessoa e realizou um pouso para abastecimento em Campina Grande. Durante o processo de decolagem, o motor perdeu pot\u00eancia, segundo os Bombeiros. Outras imagens mostram o momento em que as pessoas que estavam no helic\u00f3ptero s\u00e3o socorridas. FONTE: G1<\/p>\n","protected":false},"author":6,"featured_media":313127,"comment_status":"closed","ping_status":"closed","sticky":false,"template":"","format":"standard","meta":{"sfsi_plus_gutenberg_text_before_share":"","sfsi_plus_gutenberg_show_text_before_share":"","sfsi_plus_gutenberg_icon_type":"","sfsi_plus_gutenberg_icon_alignemt":"","sfsi_plus_gutenburg_max_per_row":"","footnotes":""},"categories":[129,50,12],"tags":[],"class_list":["post-313125","post","type-post","status-publish","format-standard","has-post-thumbnail","hentry","category-campina-grande-2","category-destaque","category-policia"],"_links":{"self":[{"href":"https:\/\/www.caririemacao.com\/1\/wp-json\/wp\/v2\/posts\/313125","targetHints":{"allow":["GET"]}}],"collection":[{"href":"https:\/\/www.caririemacao.com\/1\/wp-json\/wp\/v2\/posts"}],"about":[{"href":"https:\/\/www.caririemacao.com\/1\/wp-json\/wp\/v2\/types\/post"}],"author":[{"embeddable":true,"href":"https:\/\/www.caririemacao.com\/1\/wp-json\/wp\/v2\/users\/6"}],"replies":[{"embeddable":true,"href":"https:\/\/www.caririemacao.com\/1\/wp-json\/wp\/v2\/comments?post=313125"}],"version-history":[{"count":1,"href":"https:\/\/www.caririemacao.com\/1\/wp-json\/wp\/v2\/posts\/313125\/revisions"}],"predecessor-version":[{"id":313128,"href":"https:\/\/www.caririemacao.com\/1\/wp-json\/wp\/v2\/posts\/313125\/revisions\/313128"}],"wp:featuredmedia":[{"embeddable":true,"href":"https:\/\/www.caririemacao.com\/1\/wp-json\/wp\/v2\/media\/313127"}],"wp:attachment":[{"href":"https:\/\/www.caririemacao.com\/1\/wp-json\/wp\/v2\/media?parent=313125"}],"wp:term":[{"taxonomy":"category","embeddable":true,"href":"https:\/\/www.caririemacao.com\/1\/wp-json\/wp\/v2\/categories?post=313125"},{"taxonomy":"post_tag","embeddable":true,"href":"https:\/\/www.caririemacao.com\/1\/wp-json\/wp\/v2\/tags?post=313125"}],"curies":[{"name":"wp","href":"https:\/\/api.w.org\/{rel}","templated":true}]}}