{"id":313319,"date":"2026-04-24T13:16:57","date_gmt":"2026-04-24T16:16:57","guid":{"rendered":"https:\/\/www.caririemacao.com\/1\/?p=313319"},"modified":"2026-04-24T13:16:57","modified_gmt":"2026-04-24T16:16:57","slug":"diogo-cunha-lima-deve-ser-anunciado-como-vice-na-chapa-de-cicero-lucena","status":"publish","type":"post","link":"https:\/\/www.caririemacao.com\/1\/2026\/04\/24\/diogo-cunha-lima-deve-ser-anunciado-como-vice-na-chapa-de-cicero-lucena\/","title":{"rendered":"Diogo Cunha Lima deve ser anunciado como vice na chapa de C\u00edcero Lucena"},"content":{"rendered":"<p>O empres\u00e1rio Diogo Cunha Lima dever\u00e1 ser confirmado, na pr\u00f3xima segunda-feira (27), como pr\u00e9-candidato a vice-governador na chapa de C\u00edcero Lucena (MDB) na disputa pelo Governo do Estado.<\/p>\n<p>De acordo com a apura\u00e7\u00e3o, aliados do ex-prefeito da Capital j\u00e1 est\u00e3o na cidade para finalizar os \u00faltimos detalhes do evento, que contar\u00e1 com uma coletiva de imprensa para apresentar oficialmente a decis\u00e3o.<\/p>\n<p>Segundo interlocutores pr\u00f3ximos aos dois grupos, a escolha do nome do empres\u00e1rio levou em considera\u00e7\u00e3o n\u00e3o apenas sua qualifica\u00e7\u00e3o enquanto empres\u00e1rio, mas, sobretudo, sua liga\u00e7\u00e3o com a cidade de Campina Grande, o que deve ter um peso eleitoral na cidade.<\/p>\n<p>A expectativa \u00e9 de que Diogo Cunha Lima consiga atrair o eleitorado campinense, que j\u00e1 conta com nomes locais entre as op\u00e7\u00f5es na disputa, como o atual governador Lucas Ribeiro (PP) e o senador Efraim Filho (Uni\u00e3o), que deve anunciar Juliana Cunha Lima, primeira-dama da cidade, como candidata a vice.<\/p>\n<p>Nas \u00faltimas semanas, o empres\u00e1rio j\u00e1 vinha acompanhando agendas de C\u00edcero Lucena na pr\u00e9-campanha eleitoral. Recentemente, em entrevista, o ex-prefeito tamb\u00e9m confirmou avan\u00e7os nessa negocia\u00e7\u00e3o.<\/p>\n<p>O local da coletiva ser\u00e1 no Semin\u00e1rio Diocesano em Campina Grande, \u00e0s 10h.<\/p>\n<p>&nbsp;<\/p>\n<p>Com Jornal da Para\u00edba<\/p>\n","protected":false},"excerpt":{"rendered":"<p>O empres\u00e1rio Diogo Cunha Lima dever\u00e1 ser confirmado, na pr\u00f3xima segunda-feira (27), como pr\u00e9-candidato a vice-governador na chapa de C\u00edcero Lucena (MDB) na disputa pelo&hellip; <\/p>\n","protected":false},"author":6,"featured_media":313320,"comment_status":"closed","ping_status":"closed","sticky":false,"template":"","format":"standard","meta":{"sfsi_plus_gutenberg_text_before_share":"","sfsi_plus_gutenberg_show_text_before_share":"","sfsi_plus_gutenberg_icon_type":"","sfsi_plus_gutenberg_icon_alignemt":"","sfsi_plus_gutenburg_max_per_row":"","footnotes":""},"categories":[50,2,104,11],"tags":[],"class_list":["post-313319","post","type-post","status-publish","format-standard","has-post-thumbnail","hentry","category-destaque","category-geral","category-paraiba","category-politica"],"_links":{"self":[{"href":"https:\/\/www.caririemacao.com\/1\/wp-json\/wp\/v2\/posts\/313319","targetHints":{"allow":["GET"]}}],"collection":[{"href":"https:\/\/www.caririemacao.com\/1\/wp-json\/wp\/v2\/posts"}],"about":[{"href":"https:\/\/www.caririemacao.com\/1\/wp-json\/wp\/v2\/types\/post"}],"author":[{"embeddable":true,"href":"https:\/\/www.caririemacao.com\/1\/wp-json\/wp\/v2\/users\/6"}],"replies":[{"embeddable":true,"href":"https:\/\/www.caririemacao.com\/1\/wp-json\/wp\/v2\/comments?post=313319"}],"version-history":[{"count":1,"href":"https:\/\/www.caririemacao.com\/1\/wp-json\/wp\/v2\/posts\/313319\/revisions"}],"predecessor-version":[{"id":313321,"href":"https:\/\/www.caririemacao.com\/1\/wp-json\/wp\/v2\/posts\/313319\/revisions\/313321"}],"wp:featuredmedia":[{"embeddable":true,"href":"https:\/\/www.caririemacao.com\/1\/wp-json\/wp\/v2\/media\/313320"}],"wp:attachment":[{"href":"https:\/\/www.caririemacao.com\/1\/wp-json\/wp\/v2\/media?parent=313319"}],"wp:term":[{"taxonomy":"category","embeddable":true,"href":"https:\/\/www.caririemacao.com\/1\/wp-json\/wp\/v2\/categories?post=313319"},{"taxonomy":"post_tag","embeddable":true,"href":"https:\/\/www.caririemacao.com\/1\/wp-json\/wp\/v2\/tags?post=313319"}],"curies":[{"name":"wp","href":"https:\/\/api.w.org\/{rel}","templated":true}]}}