{"id":313322,"date":"2026-04-24T13:30:35","date_gmt":"2026-04-24T16:30:35","guid":{"rendered":"https:\/\/www.caririemacao.com\/1\/?p=313322"},"modified":"2026-04-24T13:30:35","modified_gmt":"2026-04-24T16:30:35","slug":"prefeitura-de-patos-anuncia-programacao-do-terreirinho-do-forro-2026-confira","status":"publish","type":"post","link":"https:\/\/www.caririemacao.com\/1\/2026\/04\/24\/prefeitura-de-patos-anuncia-programacao-do-terreirinho-do-forro-2026-confira\/","title":{"rendered":"Prefeitura de Patos anuncia programa\u00e7\u00e3o do Terreirinho do Forr\u00f3 2026; Confira"},"content":{"rendered":"<p>A solenidade de an\u00fancio foi realizada no Centro de Cultura Amaury de Carvalho, na manh\u00e3 desta sexta-feira, 24 de abril, e contou com a presen\u00e7a do prefeito de Patos, Professor Jacob, do secret\u00e1rio da SECULTE, Pedro Leit\u00e3o, al\u00e9m de vereadores, secret\u00e1rios municipais e ativistas culturais.<\/p>\n<p>A programa\u00e7\u00e3o ter\u00e1 in\u00edcio no dia 23 de maio, com o Esquenta S\u00e3o Jo\u00e3o, que promove a antecipa\u00e7\u00e3o da decora\u00e7\u00e3o junina no munic\u00edpio, al\u00e9m da montagem do espa\u00e7o do Terreirinho do Forr\u00f3.<\/p>\n<p>Ainda na programa\u00e7\u00e3o, haver\u00e1 mais uma edi\u00e7\u00e3o do Forr\u00f3 dos Namorados, que contar\u00e1 com o ex-cantor da banda Magn\u00edficos, Ery Carlos. Apresenta\u00e7\u00f5es de artistas locais, quadrilhas juninas e a cidade cenogr\u00e1fica tamb\u00e9m est\u00e3o entre as atra\u00e7\u00f5es confirmadas.<\/p>\n<p>Confira a programa\u00e7\u00e3o oficial do Terreirinho do Forr\u00f3 2026:<\/p>\n<p>\u2e3b<\/p>\n<p>ESQUENTA \u2013 23 DE MAIO (S\u00c1BADO)<\/p>\n<p>Hor\u00e1rio: 18h<br \/>\nZ\u00e9 de Freitas<br \/>\nErneson Sola do P\u00e9<br \/>\nZ\u00e9 e Z\u00e9<\/p>\n<p>ESQUENTA \u2013 30 DE MAIO (S\u00c1BADO)<\/p>\n<p>Hor\u00e1rio: 18h<br \/>\nSanara Show<br \/>\nGaby L\u00f3cio<\/p>\n<p>ESQUENTA \u2013 06 DE JUNHO (S\u00c1BADO)<\/p>\n<p>Hor\u00e1rio: 18h<br \/>\nGustavinho<br \/>\nMayk Diau<\/p>\n<p>FORR\u00d3 DOS NAMORADOS \u2013 12 DE JUNHO (SEXTA-FEIRA)<\/p>\n<p>Hor\u00e1rio: 18h<br \/>\nEry Carlos (ex-Magn\u00edficos)<br \/>\nVanessinha<\/p>\n<p>ESQUENTA \u2013 13 DE JUNHO (S\u00c1BADO)<\/p>\n<p>Hor\u00e1rio: 18h<br \/>\nJohnny Cortez<br \/>\nMarkito do Forr\u00f3<\/p>\n<p>\u2e3b<\/p>\n<p>PROGRAMA\u00c7\u00c3O DO TERREIRINHO<\/p>\n<p>Hor\u00e1rio: 18h \u00e0s 21h<\/p>\n<p>15\/06 (Segunda-feira)<br \/>\nJS Forronejo<\/p>\n<p>16\/06 (Ter\u00e7a-feira)<br \/>\nDavid Maklean<\/p>\n<p>17\/06 (Quarta-feira) \u2013 Noite Cultural<br \/>\nFilarm\u00f4nica 26 de Julho<br \/>\nOrquestra Sanf\u00f4nica<br \/>\nCoral Municipal<br \/>\nIrm\u00e3os Pereira<\/p>\n<p>18\/06 (Quinta-feira) \u2013 Passeio das Carro\u00e7as<br \/>\n\u00c9lcio do Acordeon<br \/>\nEstella Santos<\/p>\n<p>19\/06 (Sexta-feira)<br \/>\nZ\u00e9 Nilton<br \/>\nTeinha do Forr\u00f3<br \/>\nSavinho do Acordeon<\/p>\n<p>20\/06 (S\u00e1bado)<br \/>\nEslanya Lima<br \/>\nJaelson do Acordeon<br \/>\nRog\u00e9rio e Trio Quintura do Forr\u00f3<\/p>\n<p>21\/06 (Domingo)<br \/>\nNetinho do Acordeon<br \/>\nLuciano e os Atuais do Forr\u00f3<br \/>\nMariah Sanfoneira<\/p>\n<p>22\/06 (Segunda-feira)<br \/>\nMateia do Forr\u00f3<br \/>\nKleiton Lima<br \/>\nHumberto Martins<\/p>\n<p>23\/06 (Ter\u00e7a-feira)<br \/>\nFelipe Santana<br \/>\nM\u00e1rio C\u00e9zar<br \/>\nPhilip Meira<\/p>\n<p>\u2e3b<\/p>\n<p>RECORDANDO O S\u00c3O JO\u00c3O DO TERREIRINHO \u2013 27 DE JUNHO (S\u00c1BADO)<\/p>\n<p>Hor\u00e1rio: 18h<br \/>\nSanara Show<br \/>\nGustavinho Sanfoneiro<\/p>\n<p>\u2e3b<\/p>\n<p>Patos, a melhor cidade do sert\u00e3o nordestino para se viver!<\/p>\n<p>Secom \u2013 Prefeitura de Patos<\/p>\n","protected":false},"excerpt":{"rendered":"<p>A solenidade de an\u00fancio foi realizada no Centro de Cultura Amaury de Carvalho, na manh\u00e3 desta sexta-feira, 24 de abril, e contou com a presen\u00e7a&hellip; <\/p>\n","protected":false},"author":6,"featured_media":313327,"comment_status":"closed","ping_status":"closed","sticky":false,"template":"","format":"standard","meta":{"sfsi_plus_gutenberg_text_before_share":"","sfsi_plus_gutenberg_show_text_before_share":"","sfsi_plus_gutenberg_icon_type":"","sfsi_plus_gutenberg_icon_alignemt":"","sfsi_plus_gutenburg_max_per_row":"","footnotes":""},"categories":[50,2,104],"tags":[],"class_list":["post-313322","post","type-post","status-publish","format-standard","has-post-thumbnail","hentry","category-destaque","category-geral","category-paraiba"],"_links":{"self":[{"href":"https:\/\/www.caririemacao.com\/1\/wp-json\/wp\/v2\/posts\/313322","targetHints":{"allow":["GET"]}}],"collection":[{"href":"https:\/\/www.caririemacao.com\/1\/wp-json\/wp\/v2\/posts"}],"about":[{"href":"https:\/\/www.caririemacao.com\/1\/wp-json\/wp\/v2\/types\/post"}],"author":[{"embeddable":true,"href":"https:\/\/www.caririemacao.com\/1\/wp-json\/wp\/v2\/users\/6"}],"replies":[{"embeddable":true,"href":"https:\/\/www.caririemacao.com\/1\/wp-json\/wp\/v2\/comments?post=313322"}],"version-history":[{"count":1,"href":"https:\/\/www.caririemacao.com\/1\/wp-json\/wp\/v2\/posts\/313322\/revisions"}],"predecessor-version":[{"id":313328,"href":"https:\/\/www.caririemacao.com\/1\/wp-json\/wp\/v2\/posts\/313322\/revisions\/313328"}],"wp:featuredmedia":[{"embeddable":true,"href":"https:\/\/www.caririemacao.com\/1\/wp-json\/wp\/v2\/media\/313327"}],"wp:attachment":[{"href":"https:\/\/www.caririemacao.com\/1\/wp-json\/wp\/v2\/media?parent=313322"}],"wp:term":[{"taxonomy":"category","embeddable":true,"href":"https:\/\/www.caririemacao.com\/1\/wp-json\/wp\/v2\/categories?post=313322"},{"taxonomy":"post_tag","embeddable":true,"href":"https:\/\/www.caririemacao.com\/1\/wp-json\/wp\/v2\/tags?post=313322"}],"curies":[{"name":"wp","href":"https:\/\/api.w.org\/{rel}","templated":true}]}}