{"id":313323,"date":"2026-04-24T13:28:54","date_gmt":"2026-04-24T16:28:54","guid":{"rendered":"https:\/\/www.caririemacao.com\/1\/?p=313323"},"modified":"2026-04-24T13:28:54","modified_gmt":"2026-04-24T16:28:54","slug":"autismo-ainda-enfrenta-preconceito-e-falta-de-inclusao-alerta-especialista","status":"publish","type":"post","link":"https:\/\/www.caririemacao.com\/1\/2026\/04\/24\/autismo-ainda-enfrenta-preconceito-e-falta-de-inclusao-alerta-especialista\/","title":{"rendered":"Autismo ainda enfrenta preconceito e falta de inclus\u00e3o, alerta especialista"},"content":{"rendered":"<p>Durante entrevista ao vivo no Programa Cariri em A\u00e7\u00e3o, a psicopedagoga Edineide Maria, profissional com certifica\u00e7\u00e3o internacional e refer\u00eancia em avalia\u00e7\u00e3o, abordou temas fundamentais sobre o autismo, destacando a import\u00e2ncia da informa\u00e7\u00e3o, do diagn\u00f3stico precoce e da inclus\u00e3o na sociedade.<\/p>\n<p>Logo na abertura, Edineide chamou aten\u00e7\u00e3o para a necessidade de romper estere\u00f3tipos. Segundo ela, o autismo n\u00e3o pode ser reduzido a r\u00f3tulos ou padr\u00f5es, e o preconceito ainda \u00e9 uma realidade enfrentada por muitas fam\u00edlias.<\/p>\n<p>Ao tratar do diagn\u00f3stico, a especialista refor\u00e7ou que identificar sinais precocemente faz toda a diferen\u00e7a no desenvolvimento. Ela explicou que a avalia\u00e7\u00e3o \u00e9 feita de forma criteriosa, com observa\u00e7\u00e3o do comportamento, escuta da fam\u00edlia e aplica\u00e7\u00e3o de instrumentos espec\u00edficos, podendo envolver uma equipe multidisciplinar. O tempo para fechamento do diagn\u00f3stico pode variar, dependendo de cada caso.<\/p>\n<p>Edineide tamb\u00e9m destacou os chamados n\u00edveis de suporte dentro do espectro, explicando que eles indicam o grau de apoio que a pessoa necessita no dia a dia, e n\u00e3o definem limites para o desenvolvimento.<\/p>\n<p>Outro ponto abordado foi o impacto do diagn\u00f3stico na fam\u00edlia. Segundo a psicopedagoga, a rotina muda completamente e exige adapta\u00e7\u00e3o, informa\u00e7\u00e3o e apoio. Ela ressaltou que o acolhimento e a orienta\u00e7\u00e3o correta s\u00e3o essenciais nesse processo, j\u00e1 que muitas fam\u00edlias enfrentam desafios emocionais, sociais e estruturais.<\/p>\n<p>Sobre o desenvolvimento, Edineide enfatizou que a rotina \u00e9 uma grande aliada. A previsibilidade, segundo ela, traz seguran\u00e7a e contribui para a redu\u00e7\u00e3o de crises, al\u00e9m de favorecer o aprendizado. Ela tamb\u00e9m orientou que os pais podem estimular os filhos em casa com atividades simples, respeitando o tempo e as caracter\u00edsticas de cada crian\u00e7a.<\/p>\n<p>Na \u00e1rea da educa\u00e7\u00e3o, a especialista foi direta ao afirmar que a inclus\u00e3o ainda precisa avan\u00e7ar. Apesar dos avan\u00e7os, muitas escolas ainda n\u00e3o est\u00e3o preparadas. Ela destacou o papel fundamental dos professores e a necessidade de adapta\u00e7\u00f5es pedag\u00f3gicas que realmente funcionem na pr\u00e1tica.<\/p>\n<p>Durante a entrevista, Edineide refor\u00e7ou pontos importantes para conscientiza\u00e7\u00e3o da popula\u00e7\u00e3o. Entre eles, destacou que o autismo n\u00e3o \u00e9 uma doen\u00e7a e n\u00e3o tem cura, sendo uma condi\u00e7\u00e3o do neurodesenvolvimento que exige acompanhamento ao longo da vida. Tamb\u00e9m ressaltou que pessoas autistas aprendem, embora muitas vezes de formas diferentes, e que o diagn\u00f3stico precoce amplia significativamente as possibilidades de desenvolvimento e autonomia.<\/p>\n<p>A entrevista trouxe ainda uma reflex\u00e3o sobre a necessidade de uma inclus\u00e3o real, que v\u00e1 al\u00e9m do discurso e se concretize em a\u00e7\u00f5es pr\u00e1ticas, tanto na escola quanto na sociedade.<\/p>\n<p>O tema refor\u00e7a a import\u00e2ncia da informa\u00e7\u00e3o e do compromisso coletivo para garantir mais respeito, oportunidades e qualidade de vida para pessoas autistas e suas fam\u00edlias.<\/p>\n","protected":false},"excerpt":{"rendered":"<p>Durante entrevista ao vivo no Programa Cariri em A\u00e7\u00e3o, a psicopedagoga Edineide Maria, profissional com certifica\u00e7\u00e3o internacional e refer\u00eancia em avalia\u00e7\u00e3o, abordou temas fundamentais sobre&hellip; <\/p>\n","protected":false},"author":6,"featured_media":313324,"comment_status":"closed","ping_status":"closed","sticky":false,"template":"","format":"standard","meta":{"sfsi_plus_gutenberg_text_before_share":"","sfsi_plus_gutenberg_show_text_before_share":"","sfsi_plus_gutenberg_icon_type":"","sfsi_plus_gutenberg_icon_alignemt":"","sfsi_plus_gutenburg_max_per_row":"","footnotes":""},"categories":[50,2,104],"tags":[],"class_list":["post-313323","post","type-post","status-publish","format-standard","has-post-thumbnail","hentry","category-destaque","category-geral","category-paraiba"],"_links":{"self":[{"href":"https:\/\/www.caririemacao.com\/1\/wp-json\/wp\/v2\/posts\/313323","targetHints":{"allow":["GET"]}}],"collection":[{"href":"https:\/\/www.caririemacao.com\/1\/wp-json\/wp\/v2\/posts"}],"about":[{"href":"https:\/\/www.caririemacao.com\/1\/wp-json\/wp\/v2\/types\/post"}],"author":[{"embeddable":true,"href":"https:\/\/www.caririemacao.com\/1\/wp-json\/wp\/v2\/users\/6"}],"replies":[{"embeddable":true,"href":"https:\/\/www.caririemacao.com\/1\/wp-json\/wp\/v2\/comments?post=313323"}],"version-history":[{"count":2,"href":"https:\/\/www.caririemacao.com\/1\/wp-json\/wp\/v2\/posts\/313323\/revisions"}],"predecessor-version":[{"id":313326,"href":"https:\/\/www.caririemacao.com\/1\/wp-json\/wp\/v2\/posts\/313323\/revisions\/313326"}],"wp:featuredmedia":[{"embeddable":true,"href":"https:\/\/www.caririemacao.com\/1\/wp-json\/wp\/v2\/media\/313324"}],"wp:attachment":[{"href":"https:\/\/www.caririemacao.com\/1\/wp-json\/wp\/v2\/media?parent=313323"}],"wp:term":[{"taxonomy":"category","embeddable":true,"href":"https:\/\/www.caririemacao.com\/1\/wp-json\/wp\/v2\/categories?post=313323"},{"taxonomy":"post_tag","embeddable":true,"href":"https:\/\/www.caririemacao.com\/1\/wp-json\/wp\/v2\/tags?post=313323"}],"curies":[{"name":"wp","href":"https:\/\/api.w.org\/{rel}","templated":true}]}}