{"id":313329,"date":"2026-04-24T13:33:08","date_gmt":"2026-04-24T16:33:08","guid":{"rendered":"https:\/\/www.caririemacao.com\/1\/?p=313329"},"modified":"2026-04-24T13:33:08","modified_gmt":"2026-04-24T16:33:08","slug":"cangaco-novo-2a-temporada-de-serie-gravada-no-cariri-estreia-nesta-sexta","status":"publish","type":"post","link":"https:\/\/www.caririemacao.com\/1\/2026\/04\/24\/cangaco-novo-2a-temporada-de-serie-gravada-no-cariri-estreia-nesta-sexta\/","title":{"rendered":"Canga\u00e7o Novo: 2\u00aa temporada de s\u00e9rie gravada no Cariri estreia nesta sexta"},"content":{"rendered":"<p>Estreia nesta sexta-feira (24) a segunda temporada da s\u00e9rie \u201cCanga\u00e7o Novo\u201d, da Amazon Prime Video. Gravada em Cabaceiras, no Cariri paraibano, a produ\u00e7\u00e3o ganhou destaque quando teve a primeira temporada lan\u00e7ada, em 2023, e promete ainda mais a\u00e7\u00e3o para seguir no topo do streaming.<\/p>\n<p>Canga\u00e7o Novo \u00e9 uma das s\u00e9ries brasileiras mais assistidas no mundo. O drama tem no elenco nomes como Alice Carvalho, Allan Souza e Thain\u00e1 Duarte, al\u00e9m dos paraibanos Marc\u00e9lia Cartaxo e Lucas Veloso.<\/p>\n<p>Na segunda temporada da s\u00e9rie, os irm\u00e3os Ubaldo, Dilva\u0302nia e Dinorah v\u00e3o enfrentar ainda mais desafios na guerra contra os Maleiros. A revanche contra a morte brutal de Ernesto encoraja Ubaldo a lutar ainda mais por justi\u00e7a.<\/p>\n<p>Dilv\u00e2nia se torna ainda mais sensitiva e passa a lidar com a pr\u00f3pria espiritualidade. J\u00e1 Dinorah \u00e9 a nova l\u00edder do bando e precisa controlar o pr\u00f3prio temperamento com a chegada de novos personagens do Sudeste do pa\u00eds.<\/p>\n<p>Leinneane se divide entre a lealdade ao marido candidato a prefeito e a cren\u00e7a nos Vaqueiros, e tem o relacionamento com Ubaldo como tempero nessa empreitada.<\/p>\n<p>Alguns epis\u00f3dios da 2\u00aa temporada de Canga\u00e7o Novo foram exibidos de forma exclusiva em uma pr\u00e9-estreia da s\u00e9rie em Cabaceiras, no Cariri paraibano, no in\u00edcio de abril. Agora, os f\u00e3s da produ\u00e7\u00e3o j\u00e1 podem conferir o resultado das grava\u00e7\u00f5es que aconteceram em v\u00e1rias cidades da Para\u00edba.<\/p>\n","protected":false},"excerpt":{"rendered":"<p>Estreia nesta sexta-feira (24) a segunda temporada da s\u00e9rie \u201cCanga\u00e7o Novo\u201d, da Amazon Prime Video. Gravada em Cabaceiras, no Cariri paraibano, a produ\u00e7\u00e3o ganhou destaque&hellip; <\/p>\n","protected":false},"author":6,"featured_media":313330,"comment_status":"closed","ping_status":"closed","sticky":false,"template":"","format":"standard","meta":{"sfsi_plus_gutenberg_text_before_share":"","sfsi_plus_gutenberg_show_text_before_share":"","sfsi_plus_gutenberg_icon_type":"","sfsi_plus_gutenberg_icon_alignemt":"","sfsi_plus_gutenburg_max_per_row":"","footnotes":""},"categories":[106,50,2],"tags":[],"class_list":["post-313329","post","type-post","status-publish","format-standard","has-post-thumbnail","hentry","category-cariri","category-destaque","category-geral"],"_links":{"self":[{"href":"https:\/\/www.caririemacao.com\/1\/wp-json\/wp\/v2\/posts\/313329","targetHints":{"allow":["GET"]}}],"collection":[{"href":"https:\/\/www.caririemacao.com\/1\/wp-json\/wp\/v2\/posts"}],"about":[{"href":"https:\/\/www.caririemacao.com\/1\/wp-json\/wp\/v2\/types\/post"}],"author":[{"embeddable":true,"href":"https:\/\/www.caririemacao.com\/1\/wp-json\/wp\/v2\/users\/6"}],"replies":[{"embeddable":true,"href":"https:\/\/www.caririemacao.com\/1\/wp-json\/wp\/v2\/comments?post=313329"}],"version-history":[{"count":1,"href":"https:\/\/www.caririemacao.com\/1\/wp-json\/wp\/v2\/posts\/313329\/revisions"}],"predecessor-version":[{"id":313331,"href":"https:\/\/www.caririemacao.com\/1\/wp-json\/wp\/v2\/posts\/313329\/revisions\/313331"}],"wp:featuredmedia":[{"embeddable":true,"href":"https:\/\/www.caririemacao.com\/1\/wp-json\/wp\/v2\/media\/313330"}],"wp:attachment":[{"href":"https:\/\/www.caririemacao.com\/1\/wp-json\/wp\/v2\/media?parent=313329"}],"wp:term":[{"taxonomy":"category","embeddable":true,"href":"https:\/\/www.caririemacao.com\/1\/wp-json\/wp\/v2\/categories?post=313329"},{"taxonomy":"post_tag","embeddable":true,"href":"https:\/\/www.caririemacao.com\/1\/wp-json\/wp\/v2\/tags?post=313329"}],"curies":[{"name":"wp","href":"https:\/\/api.w.org\/{rel}","templated":true}]}}