{"id":313351,"date":"2026-04-24T22:53:26","date_gmt":"2026-04-25T01:53:26","guid":{"rendered":"https:\/\/www.caririemacao.com\/1\/?p=313351"},"modified":"2026-04-24T22:53:26","modified_gmt":"2026-04-25T01:53:26","slug":"prefeito-tarcio-gabriel-entrega-pacote-de-obras-e-reforca-investimentos-em-infraestrutura-em-amparo","status":"publish","type":"post","link":"https:\/\/www.caririemacao.com\/1\/2026\/04\/24\/prefeito-tarcio-gabriel-entrega-pacote-de-obras-e-reforca-investimentos-em-infraestrutura-em-amparo\/","title":{"rendered":"Prefeito Tarcio Gabriel entrega pacote de obras e refor\u00e7a investimentos em infraestrutura em Amparo"},"content":{"rendered":"<p data-start=\"105\" data-end=\"383\">O prefeito de <span class=\"hover:entity-accent entity-underline inline cursor-pointer align-baseline\"><span class=\"whitespace-normal\">Amparo<\/span><\/span>, Tarcio Gabriel, realizou nesta sexta-feira (24) a entrega de um pacote de obras que contemplam tanto a zona urbana quanto a zona rural do munic\u00edpio, fortalecendo a infraestrutura e melhorando a qualidade de vida da popula\u00e7\u00e3o.<\/p>\n<p data-start=\"385\" data-end=\"658\">A agenda de inaugura\u00e7\u00f5es teve in\u00edcio no per\u00edodo da tarde e contou com a presen\u00e7a do vice-prefeito C\u00edcero Maciel, da pr\u00e9-candidata a deputada estadual <span class=\"hover:entity-accent entity-underline inline cursor-pointer align-baseline\"><span class=\"whitespace-normal\">Anna Lorena<\/span><\/span>, al\u00e9m de vereadores, secret\u00e1rios municipais e moradores das comunidades beneficiadas.<\/p>\n<p data-start=\"660\" data-end=\"938\">Entre as a\u00e7\u00f5es entregues est\u00e3o a passagem molhada no S\u00edtio Riacho do Cariri, os canteiros centrais da cidade, a Pra\u00e7a da Sa\u00fade no Conjunto Francisco de P. Arruda, a implanta\u00e7\u00e3o de caixa d\u2019\u00e1gua no S\u00edtio Salgadinho, al\u00e9m de obras de cal\u00e7amento e ilumina\u00e7\u00e3o na Vila do mesmo s\u00edtio.<\/p>\n<p data-start=\"940\" data-end=\"1092\">Durante as inaugura\u00e7\u00f5es, o prefeito destacou o compromisso da gest\u00e3o com o desenvolvimento do munic\u00edpio e a melhoria das condi\u00e7\u00f5es de vida da popula\u00e7\u00e3o.<\/p>\n<p data-start=\"1094\" data-end=\"1415\">\u201cEssas obras representam mais do que estrutura f\u00edsica. S\u00e3o investimentos que chegam para melhorar o dia a dia das pessoas, garantindo mais mobilidade, acesso \u00e0 \u00e1gua, lazer e seguran\u00e7a. Seguimos trabalhando com responsabilidade e compromisso para levar benef\u00edcios a todas as comunidades de Amparo\u201d, afirmou Tarcio Gabriel.<\/p>\n<p data-start=\"1417\" data-end=\"1634\">As entregas fazem parte de um conjunto de a\u00e7\u00f5es que v\u00eam sendo executadas pela gest\u00e3o municipal, com foco na amplia\u00e7\u00e3o da infraestrutura e no atendimento das demandas da popula\u00e7\u00e3o, tanto na cidade quanto na zona rural.<\/p>\n<p data-start=\"1417\" data-end=\"1634\">\n<p data-start=\"1417\" data-end=\"1634\"><strong>CARIRI EM A\u00c7\u00c3O<\/strong><\/p>\n","protected":false},"excerpt":{"rendered":"<p>O prefeito de Amparo, Tarcio Gabriel, realizou nesta sexta-feira (24) a entrega de um pacote de obras que contemplam tanto a zona urbana quanto a&hellip; <\/p>\n","protected":false},"author":6,"featured_media":313352,"comment_status":"closed","ping_status":"closed","sticky":false,"template":"","format":"standard","meta":{"sfsi_plus_gutenberg_text_before_share":"","sfsi_plus_gutenberg_show_text_before_share":"","sfsi_plus_gutenberg_icon_type":"","sfsi_plus_gutenberg_icon_alignemt":"","sfsi_plus_gutenburg_max_per_row":"","footnotes":""},"categories":[68,50,2],"tags":[],"class_list":["post-313351","post","type-post","status-publish","format-standard","has-post-thumbnail","hentry","category-amparo","category-destaque","category-geral"],"_links":{"self":[{"href":"https:\/\/www.caririemacao.com\/1\/wp-json\/wp\/v2\/posts\/313351","targetHints":{"allow":["GET"]}}],"collection":[{"href":"https:\/\/www.caririemacao.com\/1\/wp-json\/wp\/v2\/posts"}],"about":[{"href":"https:\/\/www.caririemacao.com\/1\/wp-json\/wp\/v2\/types\/post"}],"author":[{"embeddable":true,"href":"https:\/\/www.caririemacao.com\/1\/wp-json\/wp\/v2\/users\/6"}],"replies":[{"embeddable":true,"href":"https:\/\/www.caririemacao.com\/1\/wp-json\/wp\/v2\/comments?post=313351"}],"version-history":[{"count":1,"href":"https:\/\/www.caririemacao.com\/1\/wp-json\/wp\/v2\/posts\/313351\/revisions"}],"predecessor-version":[{"id":313353,"href":"https:\/\/www.caririemacao.com\/1\/wp-json\/wp\/v2\/posts\/313351\/revisions\/313353"}],"wp:featuredmedia":[{"embeddable":true,"href":"https:\/\/www.caririemacao.com\/1\/wp-json\/wp\/v2\/media\/313352"}],"wp:attachment":[{"href":"https:\/\/www.caririemacao.com\/1\/wp-json\/wp\/v2\/media?parent=313351"}],"wp:term":[{"taxonomy":"category","embeddable":true,"href":"https:\/\/www.caririemacao.com\/1\/wp-json\/wp\/v2\/categories?post=313351"},{"taxonomy":"post_tag","embeddable":true,"href":"https:\/\/www.caririemacao.com\/1\/wp-json\/wp\/v2\/tags?post=313351"}],"curies":[{"name":"wp","href":"https:\/\/api.w.org\/{rel}","templated":true}]}}