{"id":313404,"date":"2026-04-25T22:21:34","date_gmt":"2026-04-26T01:21:34","guid":{"rendered":"https:\/\/www.caririemacao.com\/1\/?p=313404"},"modified":"2026-04-25T22:21:45","modified_gmt":"2026-04-26T01:21:45","slug":"ex-prefeito-caririzeiro-e-condenado-por-improbidade-administrativa-confira-a-decisao","status":"publish","type":"post","link":"https:\/\/www.caririemacao.com\/1\/2026\/04\/25\/ex-prefeito-caririzeiro-e-condenado-por-improbidade-administrativa-confira-a-decisao\/","title":{"rendered":"Ex-prefeito caririzeiro \u00e9 condenado por improbidade administrativa; confira a decis\u00e3o"},"content":{"rendered":"<p>O ex-prefeito de S\u00e3o Jo\u00e3o do Tigre, Jos\u00e9 Mauc\u00e9lio Barbosa, foi condenado por ato de improbidade administrativa em decis\u00e3o da Justi\u00e7a da Para\u00edba. A senten\u00e7a foi proferida no dia 24 de abril de 2026, \u00e0s 13h08, pelo juiz Ronald Neves Pereira, da 1\u00aa Vara Mista de Monteiro.<\/p>\n<p>A a\u00e7\u00e3o, movida pelo Minist\u00e9rio P\u00fablico do Estado da Para\u00edba, apontou que o ex-gestor realizou contrata\u00e7\u00f5es tempor\u00e1rias irregulares, a partir de 2017, para fun\u00e7\u00f5es permanentes da administra\u00e7\u00e3o p\u00fablica, sem concurso.<\/p>\n<p>Na decis\u00e3o, a Justi\u00e7a entendeu que houve viola\u00e7\u00e3o aos princ\u00edpios da administra\u00e7\u00e3o p\u00fablica e condenou o ex-prefeito ao pagamento de multa equivalente a 18 vezes o sal\u00e1rio da \u00e9poca, al\u00e9m da proibi\u00e7\u00e3o de contratar com o poder p\u00fablico por 3 anos.<\/p>\n<p>Ap\u00f3s o tr\u00e2nsito em julgado, a decis\u00e3o ainda poder\u00e1 gerar efeitos na esfera eleitoral, conforme a legisla\u00e7\u00e3o vigente.<\/p>\n<p><a title=\"CLIQUE AQUI E VEJA A DECIS\u00c3O\" href=\"https:\/\/www.paraibamix.com.br\/wp-content\/uploads\/2026\/04\/%C2%B7-TJPB-1o-Grau-Processo-Judicial-Eletronico.pdf\">CLIQUE AQUI E VEJA A DECIS\u00c3O<\/a><\/p>\n<p>&nbsp;<\/p>\n<p><strong>CARIRI EM A\u00c7\u00c3O<\/strong><\/p>\n<p><em>Com Para\u00edba Mix<\/em><\/p>\n","protected":false},"excerpt":{"rendered":"<p>O ex-prefeito de S\u00e3o Jo\u00e3o do Tigre, Jos\u00e9 Mauc\u00e9lio Barbosa, foi condenado por ato de improbidade administrativa em decis\u00e3o da Justi\u00e7a da Para\u00edba. A senten\u00e7a&hellip; <\/p>\n","protected":false},"author":6,"featured_media":313405,"comment_status":"closed","ping_status":"closed","sticky":false,"template":"","format":"standard","meta":{"sfsi_plus_gutenberg_text_before_share":"","sfsi_plus_gutenberg_show_text_before_share":"","sfsi_plus_gutenberg_icon_type":"","sfsi_plus_gutenberg_icon_alignemt":"","sfsi_plus_gutenburg_max_per_row":"","footnotes":""},"categories":[50,2,89],"tags":[],"class_list":["post-313404","post","type-post","status-publish","format-standard","has-post-thumbnail","hentry","category-destaque","category-geral","category-sao-joao-do-tigre"],"_links":{"self":[{"href":"https:\/\/www.caririemacao.com\/1\/wp-json\/wp\/v2\/posts\/313404","targetHints":{"allow":["GET"]}}],"collection":[{"href":"https:\/\/www.caririemacao.com\/1\/wp-json\/wp\/v2\/posts"}],"about":[{"href":"https:\/\/www.caririemacao.com\/1\/wp-json\/wp\/v2\/types\/post"}],"author":[{"embeddable":true,"href":"https:\/\/www.caririemacao.com\/1\/wp-json\/wp\/v2\/users\/6"}],"replies":[{"embeddable":true,"href":"https:\/\/www.caririemacao.com\/1\/wp-json\/wp\/v2\/comments?post=313404"}],"version-history":[{"count":2,"href":"https:\/\/www.caririemacao.com\/1\/wp-json\/wp\/v2\/posts\/313404\/revisions"}],"predecessor-version":[{"id":313407,"href":"https:\/\/www.caririemacao.com\/1\/wp-json\/wp\/v2\/posts\/313404\/revisions\/313407"}],"wp:featuredmedia":[{"embeddable":true,"href":"https:\/\/www.caririemacao.com\/1\/wp-json\/wp\/v2\/media\/313405"}],"wp:attachment":[{"href":"https:\/\/www.caririemacao.com\/1\/wp-json\/wp\/v2\/media?parent=313404"}],"wp:term":[{"taxonomy":"category","embeddable":true,"href":"https:\/\/www.caririemacao.com\/1\/wp-json\/wp\/v2\/categories?post=313404"},{"taxonomy":"post_tag","embeddable":true,"href":"https:\/\/www.caririemacao.com\/1\/wp-json\/wp\/v2\/tags?post=313404"}],"curies":[{"name":"wp","href":"https:\/\/api.w.org\/{rel}","templated":true}]}}