{"id":313408,"date":"2026-04-26T10:02:18","date_gmt":"2026-04-26T13:02:18","guid":{"rendered":"https:\/\/www.caririemacao.com\/1\/?p=313408"},"modified":"2026-04-26T10:02:18","modified_gmt":"2026-04-26T13:02:18","slug":"festa-dos-67-anos-de-serra-branca-reune-grande-publico-e-movimenta-a-cidade-no-segundo-dia-de-programacao","status":"publish","type":"post","link":"https:\/\/www.caririemacao.com\/1\/2026\/04\/26\/festa-dos-67-anos-de-serra-branca-reune-grande-publico-e-movimenta-a-cidade-no-segundo-dia-de-programacao\/","title":{"rendered":"Festa dos 67 anos de Serra Branca re\u00fane grande p\u00fablico e movimenta a cidade no segundo dia de programa\u00e7\u00e3o"},"content":{"rendered":"<p data-start=\"111\" data-end=\"394\">Na noite do \u00faltimo s\u00e1bado (25), uma verdadeira multid\u00e3o compareceu em peso ao segundo dia das comemora\u00e7\u00f5es pelos 67 anos de Emancipa\u00e7\u00e3o Pol\u00edtica de Serra Branca, no Cariri paraibano. O evento reuniu moradores e visitantes em uma grande celebra\u00e7\u00e3o marcada por muita m\u00fasica e anima\u00e7\u00e3o.<\/p>\n<p data-start=\"396\" data-end=\"626\">Subiram ao palco os artistas Juarez, Raphaela Santos e Leidinha Santos, que garantiram um repert\u00f3rio diversificado e levantaram o p\u00fablico presente, consolidando mais uma noite de sucesso dentro da programa\u00e7\u00e3o festiva do munic\u00edpio.<\/p>\n<p data-start=\"628\" data-end=\"858\">A estrutura do evento tamb\u00e9m tem sido um dos destaques, contando com palco de grande porte, som de qualidade, ilumina\u00e7\u00e3o moderna e um forte esquema de seguran\u00e7a, proporcionando conforto e tranquilidade para todos os participantes.<\/p>\n<p data-start=\"860\" data-end=\"1289\">O prefeito <span class=\"hover:entity-accent entity-underline inline cursor-pointer align-baseline\"><span class=\"whitespace-normal\">Alexandre<\/span><\/span> comemorou o sucesso do segundo dia de festa e destacou a import\u00e2ncia do evento para a cidade.<\/p>\n<p data-start=\"860\" data-end=\"1289\">\u201c\u00c9 uma alegria imensa ver nossa popula\u00e7\u00e3o e visitantes participando dessa grande festa. Preparamos tudo com muito carinho para celebrar os 67 anos de Serra Branca, garantindo seguran\u00e7a, organiza\u00e7\u00e3o e grandes atra\u00e7\u00f5es para todos. Esse segundo dia superou nossas expectativas\u201d, afirmou.<\/p>\n<p data-start=\"1291\" data-end=\"1490\" data-is-last-node=\"\" data-is-only-node=\"\">A programa\u00e7\u00e3o festiva segue neste domingo (26), encerrando as comemora\u00e7\u00f5es com shows de Jonas Esticado, K\u00e1tia Cilene, Adu\u00edlio Mendes e Bob L\u00e9o Patroc\u00ednio, prometendo fechar o evento em grande estilo.<\/p>\n<p data-start=\"1291\" data-end=\"1490\" data-is-last-node=\"\" data-is-only-node=\"\">\n<p data-start=\"1291\" data-end=\"1490\" data-is-last-node=\"\" data-is-only-node=\"\"><strong>CARIRI EM A\u00c7\u00c3O<\/strong><\/p>\n","protected":false},"excerpt":{"rendered":"<p>Na noite do \u00faltimo s\u00e1bado (25), uma verdadeira multid\u00e3o compareceu em peso ao segundo dia das comemora\u00e7\u00f5es pelos 67 anos de Emancipa\u00e7\u00e3o Pol\u00edtica de Serra&hellip; <\/p>\n","protected":false},"author":6,"featured_media":313409,"comment_status":"closed","ping_status":"closed","sticky":false,"template":"","format":"standard","meta":{"sfsi_plus_gutenberg_text_before_share":"","sfsi_plus_gutenberg_show_text_before_share":"","sfsi_plus_gutenberg_icon_type":"","sfsi_plus_gutenberg_icon_alignemt":"","sfsi_plus_gutenburg_max_per_row":"","footnotes":""},"categories":[50,2,93],"tags":[],"class_list":["post-313408","post","type-post","status-publish","format-standard","has-post-thumbnail","hentry","category-destaque","category-geral","category-serra-branca"],"_links":{"self":[{"href":"https:\/\/www.caririemacao.com\/1\/wp-json\/wp\/v2\/posts\/313408","targetHints":{"allow":["GET"]}}],"collection":[{"href":"https:\/\/www.caririemacao.com\/1\/wp-json\/wp\/v2\/posts"}],"about":[{"href":"https:\/\/www.caririemacao.com\/1\/wp-json\/wp\/v2\/types\/post"}],"author":[{"embeddable":true,"href":"https:\/\/www.caririemacao.com\/1\/wp-json\/wp\/v2\/users\/6"}],"replies":[{"embeddable":true,"href":"https:\/\/www.caririemacao.com\/1\/wp-json\/wp\/v2\/comments?post=313408"}],"version-history":[{"count":1,"href":"https:\/\/www.caririemacao.com\/1\/wp-json\/wp\/v2\/posts\/313408\/revisions"}],"predecessor-version":[{"id":313410,"href":"https:\/\/www.caririemacao.com\/1\/wp-json\/wp\/v2\/posts\/313408\/revisions\/313410"}],"wp:featuredmedia":[{"embeddable":true,"href":"https:\/\/www.caririemacao.com\/1\/wp-json\/wp\/v2\/media\/313409"}],"wp:attachment":[{"href":"https:\/\/www.caririemacao.com\/1\/wp-json\/wp\/v2\/media?parent=313408"}],"wp:term":[{"taxonomy":"category","embeddable":true,"href":"https:\/\/www.caririemacao.com\/1\/wp-json\/wp\/v2\/categories?post=313408"},{"taxonomy":"post_tag","embeddable":true,"href":"https:\/\/www.caririemacao.com\/1\/wp-json\/wp\/v2\/tags?post=313408"}],"curies":[{"name":"wp","href":"https:\/\/api.w.org\/{rel}","templated":true}]}}