{"id":313411,"date":"2026-04-26T10:06:59","date_gmt":"2026-04-26T13:06:59","guid":{"rendered":"https:\/\/www.caririemacao.com\/1\/?p=313411"},"modified":"2026-04-26T10:06:59","modified_gmt":"2026-04-26T13:06:59","slug":"multidao-prestigia-festa-dos-32-anos-de-boa-vista-com-grandes-shows-e-prefeito-comemora-sucesso","status":"publish","type":"post","link":"https:\/\/www.caririemacao.com\/1\/2026\/04\/26\/multidao-prestigia-festa-dos-32-anos-de-boa-vista-com-grandes-shows-e-prefeito-comemora-sucesso\/","title":{"rendered":"Multid\u00e3o prestigia festa dos 32 anos de Boa Vista com grandes shows e prefeito comemora sucesso"},"content":{"rendered":"<p data-start=\"95\" data-end=\"371\">Na noite do \u00faltimo s\u00e1bado (25), uma multid\u00e3o compareceu em peso \u00e0s comemora\u00e7\u00f5es pelos 32 anos de Emancipa\u00e7\u00e3o Pol\u00edtica de Boa Vista, no Cariri paraibano. O evento reuniu moradores e visitantes em uma grande celebra\u00e7\u00e3o marcada por m\u00fasica, alegria e valoriza\u00e7\u00e3o da cultura local.<\/p>\n<p data-start=\"373\" data-end=\"551\">A programa\u00e7\u00e3o contou com shows de Gal\u00edcia, Cavaleiros do Forr\u00f3 e Luan Borborema, que animaram o p\u00fablico com repert\u00f3rios variados e muita energia, consolidando o sucesso da festa.<\/p>\n<p data-start=\"553\" data-end=\"768\">A estrutura do evento tamb\u00e9m foi destaque, com palco de grande porte, sistema de som de qualidade, ilumina\u00e7\u00e3o moderna e um forte esquema de seguran\u00e7a, garantindo conforto e tranquilidade para todos os participantes.<\/p>\n<p data-start=\"770\" data-end=\"1185\" data-is-last-node=\"\" data-is-only-node=\"\">O prefeito <span class=\"hover:entity-accent entity-underline inline cursor-pointer align-baseline\"><span class=\"whitespace-normal\">Fernando Aires<\/span><\/span> celebrou o sucesso da comemora\u00e7\u00e3o e destacou a import\u00e2ncia do evento para o munic\u00edpio.<\/p>\n<p data-start=\"770\" data-end=\"1185\" data-is-last-node=\"\" data-is-only-node=\"\">\u201c\u00c9 muito gratificante ver nossa cidade reunida para celebrar esse momento t\u00e3o especial. Preparamos tudo com muito cuidado para oferecer uma festa bonita, segura e organizada para nossa popula\u00e7\u00e3o e visitantes. Boa Vista est\u00e1 de parab\u00e9ns pelos seus 32 anos de hist\u00f3ria\u201d, afirmou.<\/p>\n<p data-start=\"770\" data-end=\"1185\" data-is-last-node=\"\" data-is-only-node=\"\">\n<p data-start=\"770\" data-end=\"1185\" data-is-last-node=\"\" data-is-only-node=\"\"><strong>CARIRI EM A\u00c7\u00c3O<\/strong><\/p>\n","protected":false},"excerpt":{"rendered":"<p>Na noite do \u00faltimo s\u00e1bado (25), uma multid\u00e3o compareceu em peso \u00e0s comemora\u00e7\u00f5es pelos 32 anos de Emancipa\u00e7\u00e3o Pol\u00edtica de Boa Vista, no Cariri paraibano.&hellip; <\/p>\n","protected":false},"author":6,"featured_media":313412,"comment_status":"closed","ping_status":"closed","sticky":false,"template":"","format":"standard","meta":{"sfsi_plus_gutenberg_text_before_share":"","sfsi_plus_gutenberg_show_text_before_share":"","sfsi_plus_gutenberg_icon_type":"","sfsi_plus_gutenberg_icon_alignemt":"","sfsi_plus_gutenburg_max_per_row":"","footnotes":""},"categories":[158,50,2],"tags":[],"class_list":["post-313411","post","type-post","status-publish","format-standard","has-post-thumbnail","hentry","category-boa-vista-2","category-destaque","category-geral"],"_links":{"self":[{"href":"https:\/\/www.caririemacao.com\/1\/wp-json\/wp\/v2\/posts\/313411","targetHints":{"allow":["GET"]}}],"collection":[{"href":"https:\/\/www.caririemacao.com\/1\/wp-json\/wp\/v2\/posts"}],"about":[{"href":"https:\/\/www.caririemacao.com\/1\/wp-json\/wp\/v2\/types\/post"}],"author":[{"embeddable":true,"href":"https:\/\/www.caririemacao.com\/1\/wp-json\/wp\/v2\/users\/6"}],"replies":[{"embeddable":true,"href":"https:\/\/www.caririemacao.com\/1\/wp-json\/wp\/v2\/comments?post=313411"}],"version-history":[{"count":1,"href":"https:\/\/www.caririemacao.com\/1\/wp-json\/wp\/v2\/posts\/313411\/revisions"}],"predecessor-version":[{"id":313413,"href":"https:\/\/www.caririemacao.com\/1\/wp-json\/wp\/v2\/posts\/313411\/revisions\/313413"}],"wp:featuredmedia":[{"embeddable":true,"href":"https:\/\/www.caririemacao.com\/1\/wp-json\/wp\/v2\/media\/313412"}],"wp:attachment":[{"href":"https:\/\/www.caririemacao.com\/1\/wp-json\/wp\/v2\/media?parent=313411"}],"wp:term":[{"taxonomy":"category","embeddable":true,"href":"https:\/\/www.caririemacao.com\/1\/wp-json\/wp\/v2\/categories?post=313411"},{"taxonomy":"post_tag","embeddable":true,"href":"https:\/\/www.caririemacao.com\/1\/wp-json\/wp\/v2\/tags?post=313411"}],"curies":[{"name":"wp","href":"https:\/\/api.w.org\/{rel}","templated":true}]}}