{"id":313414,"date":"2026-04-26T10:11:13","date_gmt":"2026-04-26T13:11:13","guid":{"rendered":"https:\/\/www.caririemacao.com\/1\/?p=313414"},"modified":"2026-04-26T10:11:13","modified_gmt":"2026-04-26T13:11:13","slug":"homem-morre-apos-ocorrencia-de-violencia-domestica-em-monteiro","status":"publish","type":"post","link":"https:\/\/www.caririemacao.com\/1\/2026\/04\/26\/homem-morre-apos-ocorrencia-de-violencia-domestica-em-monteiro\/","title":{"rendered":"Homem morre ap\u00f3s ocorr\u00eancia de viol\u00eancia dom\u00e9stica em Monteiro"},"content":{"rendered":"<p data-start=\"0\" data-end=\"255\">Um homem de aproximadamente 30 anos morreu na noite deste s\u00e1bado, no munic\u00edpio de <span class=\"hover:entity-accent entity-underline inline cursor-pointer align-baseline\"><span class=\"whitespace-normal\">Monteiro<\/span><\/span>, no Cariri paraibano, ap\u00f3s uma ocorr\u00eancia registrada na Rua de Campina, na sa\u00edda para Campina Grande, nas proximidades de uma academia.<\/p>\n<p data-start=\"257\" data-end=\"443\">De acordo com informa\u00e7\u00f5es preliminares, o caso envolve suspeitas de agress\u00e3o contra uma mulher. Durante a situa\u00e7\u00e3o, o homem passou mal, apresentando sinais de parada cardiorrespirat\u00f3ria.<\/p>\n<p data-start=\"445\" data-end=\"611\">O Servi\u00e7o de Atendimento M\u00f3vel de Urg\u00eancia (SAMU) e a Pol\u00edcia foram acionados. Ao chegarem ao local, os socorristas iniciaram imediatamente as manobras de reanima\u00e7\u00e3o.<\/p>\n<p data-start=\"613\" data-end=\"713\">A v\u00edtima chegou a ser encaminhada ao Hospital Regional de Monteiro, mas n\u00e3o resistiu e veio a \u00f3bito.<\/p>\n<p data-start=\"715\" data-end=\"792\" data-is-last-node=\"\" data-is-only-node=\"\">As circunst\u00e2ncias do caso dever\u00e3o ser apuradas pelas autoridades competentes.<\/p>\n<p data-start=\"715\" data-end=\"792\" data-is-last-node=\"\" data-is-only-node=\"\">\n<p data-start=\"715\" data-end=\"792\" data-is-last-node=\"\" data-is-only-node=\"\"><strong>CARIRI EM A\u00c7\u00c3O<\/strong><\/p>\n<p data-start=\"715\" data-end=\"792\" data-is-last-node=\"\" data-is-only-node=\"\"><em>Com O Pipoco<\/em><\/p>\n","protected":false},"excerpt":{"rendered":"<p>Um homem de aproximadamente 30 anos morreu na noite deste s\u00e1bado, no munic\u00edpio de Monteiro, no Cariri paraibano, ap\u00f3s uma ocorr\u00eancia registrada na Rua de&hellip; <\/p>\n","protected":false},"author":6,"featured_media":313415,"comment_status":"closed","ping_status":"closed","sticky":false,"template":"","format":"standard","meta":{"sfsi_plus_gutenberg_text_before_share":"","sfsi_plus_gutenberg_show_text_before_share":"","sfsi_plus_gutenberg_icon_type":"","sfsi_plus_gutenberg_icon_alignemt":"","sfsi_plus_gutenburg_max_per_row":"","footnotes":""},"categories":[50,2,81],"tags":[],"class_list":["post-313414","post","type-post","status-publish","format-standard","has-post-thumbnail","hentry","category-destaque","category-geral","category-monteiro"],"_links":{"self":[{"href":"https:\/\/www.caririemacao.com\/1\/wp-json\/wp\/v2\/posts\/313414","targetHints":{"allow":["GET"]}}],"collection":[{"href":"https:\/\/www.caririemacao.com\/1\/wp-json\/wp\/v2\/posts"}],"about":[{"href":"https:\/\/www.caririemacao.com\/1\/wp-json\/wp\/v2\/types\/post"}],"author":[{"embeddable":true,"href":"https:\/\/www.caririemacao.com\/1\/wp-json\/wp\/v2\/users\/6"}],"replies":[{"embeddable":true,"href":"https:\/\/www.caririemacao.com\/1\/wp-json\/wp\/v2\/comments?post=313414"}],"version-history":[{"count":1,"href":"https:\/\/www.caririemacao.com\/1\/wp-json\/wp\/v2\/posts\/313414\/revisions"}],"predecessor-version":[{"id":313416,"href":"https:\/\/www.caririemacao.com\/1\/wp-json\/wp\/v2\/posts\/313414\/revisions\/313416"}],"wp:featuredmedia":[{"embeddable":true,"href":"https:\/\/www.caririemacao.com\/1\/wp-json\/wp\/v2\/media\/313415"}],"wp:attachment":[{"href":"https:\/\/www.caririemacao.com\/1\/wp-json\/wp\/v2\/media?parent=313414"}],"wp:term":[{"taxonomy":"category","embeddable":true,"href":"https:\/\/www.caririemacao.com\/1\/wp-json\/wp\/v2\/categories?post=313414"},{"taxonomy":"post_tag","embeddable":true,"href":"https:\/\/www.caririemacao.com\/1\/wp-json\/wp\/v2\/tags?post=313414"}],"curies":[{"name":"wp","href":"https:\/\/api.w.org\/{rel}","templated":true}]}}