{"id":313417,"date":"2026-04-26T12:58:45","date_gmt":"2026-04-26T15:58:45","guid":{"rendered":"https:\/\/www.caririemacao.com\/1\/?p=313417"},"modified":"2026-04-26T12:58:45","modified_gmt":"2026-04-26T15:58:45","slug":"mais-de-200-mil-eleitores-na-paraiba-tem-ate-6-de-maio-para-regularizar-titulo-e-garantir-voto-em-2026","status":"publish","type":"post","link":"https:\/\/www.caririemacao.com\/1\/2026\/04\/26\/mais-de-200-mil-eleitores-na-paraiba-tem-ate-6-de-maio-para-regularizar-titulo-e-garantir-voto-em-2026\/","title":{"rendered":"Mais de 200 mil eleitores na Para\u00edba t\u00eam at\u00e9 6 de maio para regularizar t\u00edtulo e garantir voto em 2026"},"content":{"rendered":"<p>Faltam apenas 10 dias para o encerramento do prazo de regulariza\u00e7\u00e3o do t\u00edtulo de eleitor para quem deseja votar nas elei\u00e7\u00f5es de 2026. Na Para\u00edba, 209.733 t\u00edtulos cancelados ainda aguardam regulariza\u00e7\u00e3o, segundo dados do Tribunal Regional Eleitoral (TRE-PB).<\/p>\n<p>O atendimento pode ser realizado at\u00e9 o dia 6 de maio. Em Jo\u00e3o Pessoa, um mutir\u00e3o vem sendo realizado no Espa\u00e7o Cultural, em Tambauzinho, onde 2.648 t\u00edtulos j\u00e1 foram regularizados desde o in\u00edcio das atividades, em mar\u00e7o.<\/p>\n<p>O prazo tamb\u00e9m \u00e9 v\u00e1lido para quem pretende emitir o t\u00edtulo pela primeira vez. Jovens a partir de 15 anos j\u00e1 podem solicitar o documento, desde que completem 16 anos at\u00e9 a data do primeiro turno das elei\u00e7\u00f5es, marcado para o dia 4 de outubro de 2026. Caso haja segundo turno, ele ser\u00e1 realizado no dia 25 do mesmo m\u00eas.<\/p>\n<p>A consulta da situa\u00e7\u00e3o eleitoral pode ser feita gratuitamente pela internet, no site do Tribunal Superior Eleitoral (TSE). Para isso, basta acessar a \u00e1rea de consultas, selecionar \u201csitua\u00e7\u00e3o do t\u00edtulo\u201d e informar dados como n\u00famero do t\u00edtulo, CPF ou nome completo com data de nascimento.<\/p>\n<p>Para emitir o t\u00edtulo, \u00e9 necess\u00e1rio apresentar documento oficial com foto, comprovante de resid\u00eancia atualizado e, no caso de homens que completam 19 anos no ano do alistamento, comprovante de quita\u00e7\u00e3o do servi\u00e7o militar.<\/p>\n<p>Quem estiver com o t\u00edtulo cancelado deve acessar o Autoatendimento Eleitoral, selecionar a op\u00e7\u00e3o de regulariza\u00e7\u00e3o, preencher o formul\u00e1rio, enviar os documentos exigidos e acompanhar o andamento da solicita\u00e7\u00e3o com o n\u00famero de protocolo gerado.<\/p>\n<p>De acordo com o TSE, o cancelamento do t\u00edtulo ocorre, principalmente, quando o eleitor deixa de votar, justificar ou pagar multas por aus\u00eancia em tr\u00eas elei\u00e7\u00f5es consecutivas, al\u00e9m de n\u00e3o comparecer a revis\u00f5es obrigat\u00f3rias do eleitorado, entre outras situa\u00e7\u00f5es.<\/p>\n","protected":false},"excerpt":{"rendered":"<p>Faltam apenas 10 dias para o encerramento do prazo de regulariza\u00e7\u00e3o do t\u00edtulo de eleitor para quem deseja votar nas elei\u00e7\u00f5es de 2026. Na Para\u00edba,&hellip; <\/p>\n","protected":false},"author":6,"featured_media":291941,"comment_status":"closed","ping_status":"closed","sticky":false,"template":"","format":"standard","meta":{"sfsi_plus_gutenberg_text_before_share":"","sfsi_plus_gutenberg_show_text_before_share":"","sfsi_plus_gutenberg_icon_type":"","sfsi_plus_gutenberg_icon_alignemt":"","sfsi_plus_gutenburg_max_per_row":"","footnotes":""},"categories":[50,2,104,11],"tags":[],"class_list":["post-313417","post","type-post","status-publish","format-standard","has-post-thumbnail","hentry","category-destaque","category-geral","category-paraiba","category-politica"],"_links":{"self":[{"href":"https:\/\/www.caririemacao.com\/1\/wp-json\/wp\/v2\/posts\/313417","targetHints":{"allow":["GET"]}}],"collection":[{"href":"https:\/\/www.caririemacao.com\/1\/wp-json\/wp\/v2\/posts"}],"about":[{"href":"https:\/\/www.caririemacao.com\/1\/wp-json\/wp\/v2\/types\/post"}],"author":[{"embeddable":true,"href":"https:\/\/www.caririemacao.com\/1\/wp-json\/wp\/v2\/users\/6"}],"replies":[{"embeddable":true,"href":"https:\/\/www.caririemacao.com\/1\/wp-json\/wp\/v2\/comments?post=313417"}],"version-history":[{"count":1,"href":"https:\/\/www.caririemacao.com\/1\/wp-json\/wp\/v2\/posts\/313417\/revisions"}],"predecessor-version":[{"id":313418,"href":"https:\/\/www.caririemacao.com\/1\/wp-json\/wp\/v2\/posts\/313417\/revisions\/313418"}],"wp:featuredmedia":[{"embeddable":true,"href":"https:\/\/www.caririemacao.com\/1\/wp-json\/wp\/v2\/media\/291941"}],"wp:attachment":[{"href":"https:\/\/www.caririemacao.com\/1\/wp-json\/wp\/v2\/media?parent=313417"}],"wp:term":[{"taxonomy":"category","embeddable":true,"href":"https:\/\/www.caririemacao.com\/1\/wp-json\/wp\/v2\/categories?post=313417"},{"taxonomy":"post_tag","embeddable":true,"href":"https:\/\/www.caririemacao.com\/1\/wp-json\/wp\/v2\/tags?post=313417"}],"curies":[{"name":"wp","href":"https:\/\/api.w.org\/{rel}","templated":true}]}}