{"id":313419,"date":"2026-04-26T13:01:30","date_gmt":"2026-04-26T16:01:30","guid":{"rendered":"https:\/\/www.caririemacao.com\/1\/?p=313419"},"modified":"2026-04-26T13:01:30","modified_gmt":"2026-04-26T16:01:30","slug":"cantor-anderson-neiff-e-baleado-em-sao-paulo-e-passa-por-cirurgia-de-emergencia","status":"publish","type":"post","link":"https:\/\/www.caririemacao.com\/1\/2026\/04\/26\/cantor-anderson-neiff-e-baleado-em-sao-paulo-e-passa-por-cirurgia-de-emergencia\/","title":{"rendered":"Cantor Anderson Neiff \u00e9 baleado em S\u00e3o Paulo e passa por cirurgia de emerg\u00eancia"},"content":{"rendered":"<p>O cantor de Brega Funk, Anderson Neiff, foi alvo de um ataque a tiros e ele acabou baleado nas costas. A van que o cantor e sua equipe se encontrava foi o alvo e eles voltavam de uma apresenta\u00e7\u00e3o em S\u00e3o Paulo. Informa\u00e7\u00f5es preliminares apontam que o ocorrido teria acontecido por volta das 6 da manh\u00e3 e o ve\u00edculo teria sido atingido por cerca de sete disparos e ele precisou ser socorrido \u00e0s pressas para o hospital.<\/p>\n<p>Neiff, vocalista da banda, foi baleado e encaminhado ao Hospital S\u00edrio-Liban\u00eas, no centro da capital paulista. At\u00e9 o momento, n\u00e3o h\u00e1 informa\u00e7\u00f5es atualizadas sobre seu estado de sa\u00fade.<\/p>\n<p>A banda tinha acabado de deixar um show em Santo Amaro, na Zona Sul, e seguia para um hotel no centro de S\u00e3o Paulo quando ocorreu o ataque.<\/p>\n<p>Quem \u00e9 Anderson Neiff<\/p>\n<p>Conhecido pelos apelidos \u201cO Diferenciado\u201d e \u201cRei do Brega Funk\u201d, o artista re\u00fane fun\u00e7\u00f5es de dan\u00e7arino, cantor, produtor e influenciador digital. Natural do bairro de Ibura, no Recife (PE), ganhou proje\u00e7\u00e3o nas redes sociais com sucessos no g\u00eanero Brega Funk. Atualmente com 24 anos, Neiff conquistou seu p\u00fablico com cerca de 16 anos publicando v\u00eddeos de dan\u00e7a nas redes sociais.<\/p>\n","protected":false},"excerpt":{"rendered":"<p>O cantor de Brega Funk, Anderson Neiff, foi alvo de um ataque a tiros e ele acabou baleado nas costas. A van que o cantor&hellip; <\/p>\n","protected":false},"author":6,"featured_media":313420,"comment_status":"closed","ping_status":"closed","sticky":false,"template":"","format":"standard","meta":{"sfsi_plus_gutenberg_text_before_share":"","sfsi_plus_gutenberg_show_text_before_share":"","sfsi_plus_gutenberg_icon_type":"","sfsi_plus_gutenberg_icon_alignemt":"","sfsi_plus_gutenburg_max_per_row":"","footnotes":""},"categories":[123,50,2],"tags":[],"class_list":["post-313419","post","type-post","status-publish","format-standard","has-post-thumbnail","hentry","category-brasil","category-destaque","category-geral"],"_links":{"self":[{"href":"https:\/\/www.caririemacao.com\/1\/wp-json\/wp\/v2\/posts\/313419","targetHints":{"allow":["GET"]}}],"collection":[{"href":"https:\/\/www.caririemacao.com\/1\/wp-json\/wp\/v2\/posts"}],"about":[{"href":"https:\/\/www.caririemacao.com\/1\/wp-json\/wp\/v2\/types\/post"}],"author":[{"embeddable":true,"href":"https:\/\/www.caririemacao.com\/1\/wp-json\/wp\/v2\/users\/6"}],"replies":[{"embeddable":true,"href":"https:\/\/www.caririemacao.com\/1\/wp-json\/wp\/v2\/comments?post=313419"}],"version-history":[{"count":1,"href":"https:\/\/www.caririemacao.com\/1\/wp-json\/wp\/v2\/posts\/313419\/revisions"}],"predecessor-version":[{"id":313421,"href":"https:\/\/www.caririemacao.com\/1\/wp-json\/wp\/v2\/posts\/313419\/revisions\/313421"}],"wp:featuredmedia":[{"embeddable":true,"href":"https:\/\/www.caririemacao.com\/1\/wp-json\/wp\/v2\/media\/313420"}],"wp:attachment":[{"href":"https:\/\/www.caririemacao.com\/1\/wp-json\/wp\/v2\/media?parent=313419"}],"wp:term":[{"taxonomy":"category","embeddable":true,"href":"https:\/\/www.caririemacao.com\/1\/wp-json\/wp\/v2\/categories?post=313419"},{"taxonomy":"post_tag","embeddable":true,"href":"https:\/\/www.caririemacao.com\/1\/wp-json\/wp\/v2\/tags?post=313419"}],"curies":[{"name":"wp","href":"https:\/\/api.w.org\/{rel}","templated":true}]}}