{"id":313422,"date":"2026-04-26T16:15:16","date_gmt":"2026-04-26T19:15:16","guid":{"rendered":"https:\/\/www.caririemacao.com\/1\/?p=313422"},"modified":"2026-04-26T16:15:16","modified_gmt":"2026-04-26T19:15:16","slug":"prefeito-edglei-amorim-comemora-aprovacao-unanime-das-contas-de-2024-pela-camara-de-santo-andre","status":"publish","type":"post","link":"https:\/\/www.caririemacao.com\/1\/2026\/04\/26\/prefeito-edglei-amorim-comemora-aprovacao-unanime-das-contas-de-2024-pela-camara-de-santo-andre\/","title":{"rendered":"Prefeito Edglei Amorim comemora aprova\u00e7\u00e3o un\u00e2nime das contas de 2024 pela C\u00e2mara de Santo Andr\u00e9"},"content":{"rendered":"<p data-start=\"101\" data-end=\"396\">O prefeito <span class=\"hover:entity-accent entity-underline inline cursor-pointer align-baseline\"><span class=\"whitespace-normal\">Edglei Amorim<\/span><\/span> comemorou a aprova\u00e7\u00e3o, por unanimidade, das contas da Prefeitura de <span class=\"hover:entity-accent entity-underline inline cursor-pointer align-baseline\"><span class=\"whitespace-normal\">Santo Andr\u00e9<\/span><\/span> referentes ao exerc\u00edcio financeiro de 2024. A vota\u00e7\u00e3o ocorreu na noite desta sexta-feira (24), durante sess\u00e3o ordin\u00e1ria da C\u00e2mara Municipal.<\/p>\n<p data-start=\"398\" data-end=\"683\">Presente na sess\u00e3o, o gestor acompanhou a aprecia\u00e7\u00e3o da mat\u00e9ria e, ap\u00f3s o resultado, destacou a import\u00e2ncia da transpar\u00eancia e da responsabilidade na condu\u00e7\u00e3o da administra\u00e7\u00e3o p\u00fablica. Segundo ele, a aprova\u00e7\u00e3o refor\u00e7a a confian\u00e7a do Legislativo no trabalho desenvolvido pelo Executivo.<\/p>\n<p data-start=\"685\" data-end=\"927\">Por meio das redes sociais, Edglei Amorim ressaltou que o resultado amplia ainda mais o compromisso da gest\u00e3o com a popula\u00e7\u00e3o. \u201cIsso aumenta ainda mais o nosso compromisso com a popula\u00e7\u00e3o e com a boa aplica\u00e7\u00e3o dos recursos p\u00fablicos\u201d, afirmou.<\/p>\n<p data-start=\"929\" data-end=\"1156\">Com a decis\u00e3o, a atual gest\u00e3o j\u00e1 acumula tr\u00eas presta\u00e7\u00f5es de contas aprovadas pela C\u00e2mara, referentes aos anos de 2021, 2022 e 2024. As contas do exerc\u00edcio de 2023 ainda dever\u00e3o ser analisadas pelos vereadores na pr\u00f3xima sess\u00e3o.<\/p>\n<p data-start=\"1158\" data-end=\"1340\">Participaram da vota\u00e7\u00e3o os vereadores Rosenildo Alves, Assis Benjamin, Socorro Messias, Felipe de Evandi, Zenaldo Marinho, Jo\u00e3o Batista e Leandro Pedro, todos favor\u00e1veis \u00e0 aprova\u00e7\u00e3o.<\/p>\n<p data-start=\"1342\" data-end=\"1481\" data-is-last-node=\"\" data-is-only-node=\"\">Os vereadores Denys Cavalcante e Cheia de Neguinho estiveram presentes na abertura da sess\u00e3o, mas se ausentaram antes do in\u00edcio da vota\u00e7\u00e3o.<\/p>\n<p data-start=\"1342\" data-end=\"1481\" data-is-last-node=\"\" data-is-only-node=\"\">\n<p data-start=\"1342\" data-end=\"1481\" data-is-last-node=\"\" data-is-only-node=\"\"><strong>CARIRI EM A\u00c7\u00c3O<\/strong><\/p>\n","protected":false},"excerpt":{"rendered":"<p>O prefeito Edglei Amorim comemorou a aprova\u00e7\u00e3o, por unanimidade, das contas da Prefeitura de Santo Andr\u00e9 referentes ao exerc\u00edcio financeiro de 2024. A vota\u00e7\u00e3o ocorreu&hellip; <\/p>\n","protected":false},"author":6,"featured_media":313423,"comment_status":"closed","ping_status":"closed","sticky":false,"template":"","format":"standard","meta":{"sfsi_plus_gutenberg_text_before_share":"","sfsi_plus_gutenberg_show_text_before_share":"","sfsi_plus_gutenberg_icon_type":"","sfsi_plus_gutenberg_icon_alignemt":"","sfsi_plus_gutenburg_max_per_row":"","footnotes":""},"categories":[50,2,86],"tags":[],"class_list":["post-313422","post","type-post","status-publish","format-standard","has-post-thumbnail","hentry","category-destaque","category-geral","category-santo-andre"],"_links":{"self":[{"href":"https:\/\/www.caririemacao.com\/1\/wp-json\/wp\/v2\/posts\/313422","targetHints":{"allow":["GET"]}}],"collection":[{"href":"https:\/\/www.caririemacao.com\/1\/wp-json\/wp\/v2\/posts"}],"about":[{"href":"https:\/\/www.caririemacao.com\/1\/wp-json\/wp\/v2\/types\/post"}],"author":[{"embeddable":true,"href":"https:\/\/www.caririemacao.com\/1\/wp-json\/wp\/v2\/users\/6"}],"replies":[{"embeddable":true,"href":"https:\/\/www.caririemacao.com\/1\/wp-json\/wp\/v2\/comments?post=313422"}],"version-history":[{"count":1,"href":"https:\/\/www.caririemacao.com\/1\/wp-json\/wp\/v2\/posts\/313422\/revisions"}],"predecessor-version":[{"id":313424,"href":"https:\/\/www.caririemacao.com\/1\/wp-json\/wp\/v2\/posts\/313422\/revisions\/313424"}],"wp:featuredmedia":[{"embeddable":true,"href":"https:\/\/www.caririemacao.com\/1\/wp-json\/wp\/v2\/media\/313423"}],"wp:attachment":[{"href":"https:\/\/www.caririemacao.com\/1\/wp-json\/wp\/v2\/media?parent=313422"}],"wp:term":[{"taxonomy":"category","embeddable":true,"href":"https:\/\/www.caririemacao.com\/1\/wp-json\/wp\/v2\/categories?post=313422"},{"taxonomy":"post_tag","embeddable":true,"href":"https:\/\/www.caririemacao.com\/1\/wp-json\/wp\/v2\/tags?post=313422"}],"curies":[{"name":"wp","href":"https:\/\/api.w.org\/{rel}","templated":true}]}}