{"id":313428,"date":"2026-04-26T16:47:11","date_gmt":"2026-04-26T19:47:11","guid":{"rendered":"https:\/\/www.caririemacao.com\/1\/?p=313428"},"modified":"2026-04-26T16:47:11","modified_gmt":"2026-04-26T19:47:11","slug":"prefeito-de-serra-branca-elenca-motivos-para-apoiar-cicero-lucena-e-reafirma-parceria-com-george-morais","status":"publish","type":"post","link":"https:\/\/www.caririemacao.com\/1\/2026\/04\/26\/prefeito-de-serra-branca-elenca-motivos-para-apoiar-cicero-lucena-e-reafirma-parceria-com-george-morais\/","title":{"rendered":"Prefeito de Serra Branca elenca motivos para apoiar C\u00edcero Lucena e reafirma parceria com George Morais"},"content":{"rendered":"<p>O prefeito de Serra Branca, Alexandre Pereira, confirmou \u00e0 reportagem do Para\u00edba Mix o apoio do grupo pol\u00edtico local \u00e0 pr\u00e9-candidatura ao Governo do Estado de C\u00edcero Lucena. A decis\u00e3o, segundo o gestor, \u00e9 resultado de uma s\u00e9rie de fatores, com destaque para os investimentos j\u00e1 viabilizados para o munic\u00edpio.<\/p>\n<p>De acordo com Alexandre, um dos principais motivos para o alinhamento pol\u00edtico \u00e9 a destina\u00e7\u00e3o de mais de R$ 10 milh\u00f5es em recursos para Serra Branca em pouco mais de um ano. Os investimentos foram articulados por C\u00edcero Lucena junto ao seu grupo pol\u00edtico.<\/p>\n<p>O prefeito detalhou os recursos j\u00e1 assegurados para Serra Branca:<\/p>\n<ul class=\"wp-block-list\">\n<li>R$ 4.000.000,00 destinados \u00e0 sa\u00fade, para incremento do PAB\/MAC, j\u00e1 pagos;<\/li>\n<li>R$ 1.000.000,00 para infraestrutura urbana, tamb\u00e9m j\u00e1 pagos;<\/li>\n<li>R$ 384.179,20, por meio de emenda de bancada via CODEVASF, para aquisi\u00e7\u00e3o de uma retroescavadeira (em fase de entrega);<\/li>\n<li>R$ 1.000.000,00 para a sa\u00fade, tamb\u00e9m voltados ao incremento do PAB\/MAC, j\u00e1 empenhados;<\/li>\n<li>R$ 3.000.000,00 destinados \u00e0 \u00e1rea da sa\u00fade para o Hospital Laureano, igualmente empenhados.<\/li>\n<\/ul>\n<p>Outro ponto ressaltado pelo prefeito \u00e9 o sentimento popular. Segundo ele, a decis\u00e3o tamb\u00e9m leva em considera\u00e7\u00e3o a escuta de aliados e, principalmente, da popula\u00e7\u00e3o serra-branquense e paraibana. Alexandre destacou que pesquisas divulgadas apontam a lideran\u00e7a de C\u00edcero Lucena, refletindo a prefer\u00eancia popular da popula\u00e7\u00e3o, o que tamb\u00e9m influenciou o posicionamento do grupo pol\u00edtico.<\/p>\n<p>Ao comentar sobre o senador Efraim Filho, o prefeito fez quest\u00e3o de destacar a rela\u00e7\u00e3o de amizade e gratid\u00e3o, afirmando que mant\u00e9m parceria com a fam\u00edlia Morais. Tanto que neste contexto, reafirmou apoio ao pr\u00e9-candidato a deputado federal George Morais, irm\u00e3o de Efraim.<\/p>\n<p>Por fim, Alexandre Pereira enfatizou que diferen\u00e7as partid\u00e1rias ou ideol\u00f3gicas de uma elei\u00e7\u00e3o n\u00e3o podem ser obst\u00e1culos para o desenvolvimento do munic\u00edpio, que deve ser o foco priorit\u00e1rio de um gestor.<\/p>\n<p>\u201cDiferen\u00e7as partid\u00e1rias ou ideol\u00f3gicas de uma elei\u00e7\u00e3o n\u00e3o podem ser obst\u00e1culos para o desenvolvimento de Serra Branca. Apoiaremos C\u00edcero e lutaremos por sua vit\u00f3ria, mas vou continuar buscando recursos junto a todas as lideran\u00e7as pol\u00edticas que queiram contribuir com o nosso munic\u00edpio, porque para mim o desenvolvimento da nossa cidade est\u00e1 acima de qualquer quest\u00e3o pol\u00edtica \u201d, disse o prefeito.<\/p>\n<p>&nbsp;<\/p>\n<p><strong>CARIRI EM A\u00c7\u00c3O<\/strong><\/p>\n<p><em>Com Para\u00edba Mix<\/em><\/p>\n","protected":false},"excerpt":{"rendered":"<p>O prefeito de Serra Branca, Alexandre Pereira, confirmou \u00e0 reportagem do Para\u00edba Mix o apoio do grupo pol\u00edtico local \u00e0 pr\u00e9-candidatura ao Governo do Estado&hellip; <\/p>\n","protected":false},"author":6,"featured_media":313429,"comment_status":"closed","ping_status":"closed","sticky":false,"template":"","format":"standard","meta":{"sfsi_plus_gutenberg_text_before_share":"","sfsi_plus_gutenberg_show_text_before_share":"","sfsi_plus_gutenberg_icon_type":"","sfsi_plus_gutenberg_icon_alignemt":"","sfsi_plus_gutenburg_max_per_row":"","footnotes":""},"categories":[50,2,11,93],"tags":[],"class_list":["post-313428","post","type-post","status-publish","format-standard","has-post-thumbnail","hentry","category-destaque","category-geral","category-politica","category-serra-branca"],"_links":{"self":[{"href":"https:\/\/www.caririemacao.com\/1\/wp-json\/wp\/v2\/posts\/313428","targetHints":{"allow":["GET"]}}],"collection":[{"href":"https:\/\/www.caririemacao.com\/1\/wp-json\/wp\/v2\/posts"}],"about":[{"href":"https:\/\/www.caririemacao.com\/1\/wp-json\/wp\/v2\/types\/post"}],"author":[{"embeddable":true,"href":"https:\/\/www.caririemacao.com\/1\/wp-json\/wp\/v2\/users\/6"}],"replies":[{"embeddable":true,"href":"https:\/\/www.caririemacao.com\/1\/wp-json\/wp\/v2\/comments?post=313428"}],"version-history":[{"count":1,"href":"https:\/\/www.caririemacao.com\/1\/wp-json\/wp\/v2\/posts\/313428\/revisions"}],"predecessor-version":[{"id":313430,"href":"https:\/\/www.caririemacao.com\/1\/wp-json\/wp\/v2\/posts\/313428\/revisions\/313430"}],"wp:featuredmedia":[{"embeddable":true,"href":"https:\/\/www.caririemacao.com\/1\/wp-json\/wp\/v2\/media\/313429"}],"wp:attachment":[{"href":"https:\/\/www.caririemacao.com\/1\/wp-json\/wp\/v2\/media?parent=313428"}],"wp:term":[{"taxonomy":"category","embeddable":true,"href":"https:\/\/www.caririemacao.com\/1\/wp-json\/wp\/v2\/categories?post=313428"},{"taxonomy":"post_tag","embeddable":true,"href":"https:\/\/www.caririemacao.com\/1\/wp-json\/wp\/v2\/tags?post=313428"}],"curies":[{"name":"wp","href":"https:\/\/api.w.org\/{rel}","templated":true}]}}