{"id":313431,"date":"2026-04-26T18:33:04","date_gmt":"2026-04-26T21:33:04","guid":{"rendered":"https:\/\/www.caririemacao.com\/1\/?p=313431"},"modified":"2026-04-26T18:33:04","modified_gmt":"2026-04-26T21:33:04","slug":"zabele-celebra-32-anos-de-emancipacao-politica-com-shows-de-29-a-30-de-abril","status":"publish","type":"post","link":"https:\/\/www.caririemacao.com\/1\/2026\/04\/26\/zabele-celebra-32-anos-de-emancipacao-politica-com-shows-de-29-a-30-de-abril\/","title":{"rendered":"Zabel\u00ea celebra 32 anos de Emancipa\u00e7\u00e3o Pol\u00edtica com shows de 29 a 30 de Abril"},"content":{"rendered":"<p>Com programa\u00e7\u00e3o gratuita, a tradicional festa acontece nesta semana, nos dias 29 e 30 de abril, na Pra\u00e7a de Eventos da cidade, e promete aquecer o turismo e a economia local.<\/p>\n<p>A cidade de Zabel\u00ea, no Cariri paraibano, prepara-se para celebra\u00e7\u00e3o aos seus 32 anos de Emancipa\u00e7\u00e3o Pol\u00edtica, o Governo Municipal promove, nos dias 29 e 30 de abril, um grande evento em pra\u00e7a p\u00fablica com atra\u00e7\u00f5es do cen\u00e1rio forrozeiro nacional e regional.<\/p>\n<p>A programa\u00e7\u00e3o oficial com shows tem in\u00edcio sempre a partir das 21h, foi pensada para contemplar diferentes estilos dentro do aut\u00eantico forr\u00f3. O destaque do line-up fica por conta das consagradas bandas Lim\u00e3o com Mel, Guilherme Ferri e Brasas do Forr\u00f3, que prometem embalar o p\u00fablico com sucessos que marcaram gera\u00e7\u00f5es e hits atuais.<\/p>\n<p>Al\u00e9m das atra\u00e7\u00f5es nacionais, o palco principal de Zabel\u00ea tamb\u00e9m receber\u00e1 grandes talentos que v\u00eam se destacando na regi\u00e3o. A grade completa conta com apresenta\u00e7\u00f5es de Forr\u00f3 do Momento, Leandro Pinga Fogo e Laerte Lins, garantindo muito forr\u00f3 at\u00e9 o amanhecer.<\/p>\n<p>Para a gest\u00e3o municipal, o evento vai muito al\u00e9m do entretenimento. A Festa de Emancipa\u00e7\u00e3o \u00e9 um motor fundamental para a economia de Zabel\u00ea, gerando renda para o com\u00e9rcio local, desde pequenos vendedores ambulantes at\u00e9 os setores de alimenta\u00e7\u00e3o e servi\u00e7os, al\u00e9m de fortalecer a identidade cultural do munic\u00edpio.<\/p>\n<p>&#8220;Nossa cidade chega aos 32 anos em um momento de muito trabalho e desenvolvimento. Preparamos essa festa com muita responsabilidade e carinho para celebrar junto com o nosso povo. Ser\u00e1 um evento seguro, com grande infraestrutura, para receber as fam\u00edlias zabelenses e os visitantes de bra\u00e7os abertos&#8221;, destaca a prefeita Jors\u00e2mara Neves.<\/p>\n<p>Uma megaestrutura de palco, som, ilumina\u00e7\u00e3o e banheiros qu\u00edmicos est\u00e1 sendo montada na Pra\u00e7a de Eventos. A seguran\u00e7a tamb\u00e9m receber\u00e1 um refor\u00e7o especial, contando com o apoio da Pol\u00edcia Militar, seguran\u00e7as privados e equipes de sa\u00fade de prontid\u00e3o para garantir a tranquilidade dos forrozeiros nas duas noites de festa.<\/p>\n<p>Visando garantir a m\u00e1xima seguran\u00e7a e a tranquilidade do p\u00fablico, a edi\u00e7\u00e3o deste ano contar\u00e1 com um forte esquema de monitoramento, com o uso de tecnologia de reconhecimento facial nas vias de acesso e em pontos estrat\u00e9gicos do circuito da festa. Al\u00e9m disso, como medida preventiva e para evitar acidentes, a organiza\u00e7\u00e3o informa que ser\u00e1 terminantemente proibida a entrada no espa\u00e7o do evento com recipientes de vidro, a exemplo de garrafas e copos convencionais. O objetivo dessas rigorosas a\u00e7\u00f5es de controle \u00e9 proporcionar um ambiente totalmente seguro para que as fam\u00edlias e os turistas possam aproveitar as comemora\u00e7\u00f5es em paz.<\/p>\n","protected":false},"excerpt":{"rendered":"<p>Com programa\u00e7\u00e3o gratuita, a tradicional festa acontece nesta semana, nos dias 29 e 30 de abril, na Pra\u00e7a de Eventos da cidade, e promete aquecer&hellip; <\/p>\n","protected":false},"author":6,"featured_media":313432,"comment_status":"closed","ping_status":"closed","sticky":false,"template":"","format":"standard","meta":{"sfsi_plus_gutenberg_text_before_share":"","sfsi_plus_gutenberg_show_text_before_share":"","sfsi_plus_gutenberg_icon_type":"","sfsi_plus_gutenberg_icon_alignemt":"","sfsi_plus_gutenburg_max_per_row":"","footnotes":""},"categories":[50,2,97],"tags":[],"class_list":["post-313431","post","type-post","status-publish","format-standard","has-post-thumbnail","hentry","category-destaque","category-geral","category-zabele"],"_links":{"self":[{"href":"https:\/\/www.caririemacao.com\/1\/wp-json\/wp\/v2\/posts\/313431","targetHints":{"allow":["GET"]}}],"collection":[{"href":"https:\/\/www.caririemacao.com\/1\/wp-json\/wp\/v2\/posts"}],"about":[{"href":"https:\/\/www.caririemacao.com\/1\/wp-json\/wp\/v2\/types\/post"}],"author":[{"embeddable":true,"href":"https:\/\/www.caririemacao.com\/1\/wp-json\/wp\/v2\/users\/6"}],"replies":[{"embeddable":true,"href":"https:\/\/www.caririemacao.com\/1\/wp-json\/wp\/v2\/comments?post=313431"}],"version-history":[{"count":1,"href":"https:\/\/www.caririemacao.com\/1\/wp-json\/wp\/v2\/posts\/313431\/revisions"}],"predecessor-version":[{"id":313433,"href":"https:\/\/www.caririemacao.com\/1\/wp-json\/wp\/v2\/posts\/313431\/revisions\/313433"}],"wp:featuredmedia":[{"embeddable":true,"href":"https:\/\/www.caririemacao.com\/1\/wp-json\/wp\/v2\/media\/313432"}],"wp:attachment":[{"href":"https:\/\/www.caririemacao.com\/1\/wp-json\/wp\/v2\/media?parent=313431"}],"wp:term":[{"taxonomy":"category","embeddable":true,"href":"https:\/\/www.caririemacao.com\/1\/wp-json\/wp\/v2\/categories?post=313431"},{"taxonomy":"post_tag","embeddable":true,"href":"https:\/\/www.caririemacao.com\/1\/wp-json\/wp\/v2\/tags?post=313431"}],"curies":[{"name":"wp","href":"https:\/\/api.w.org\/{rel}","templated":true}]}}