{"id":313434,"date":"2026-04-26T18:34:56","date_gmt":"2026-04-26T21:34:56","guid":{"rendered":"https:\/\/www.caririemacao.com\/1\/?p=313434"},"modified":"2026-04-26T18:34:56","modified_gmt":"2026-04-26T21:34:56","slug":"polemica-paraibana-rachel-sheherazade-engrossa-coro-de-criticas-contra-religioso-mais-padre-julio-e-menos-frei-gilson","status":"publish","type":"post","link":"https:\/\/www.caririemacao.com\/1\/2026\/04\/26\/polemica-paraibana-rachel-sheherazade-engrossa-coro-de-criticas-contra-religioso-mais-padre-julio-e-menos-frei-gilson\/","title":{"rendered":"POL\u00caMICA: paraibana Rachel Sheherazade engrossa coro de cr\u00edticas contra religioso: \u201cMais Padre J\u00falio e menos Frei Gilson\u201d"},"content":{"rendered":"<p>A jornalista paraibana Rachel Sheherazade subiu o tom sobre o religioso Frei Gilson, que ganhou repercuss\u00e3o nas redes sociais ap\u00f3s declara\u00e7\u00f5es sobre o papel da mulher no casamento.<\/p>\n<p>Em contraponto \u00e0s falas do frei, Sheherazade destacou que discursos religiosos deveriam priorizar valores como igualdade, empatia e respeito.<\/p>\n<p>\u201cMais Padre J\u00falio e menos Frei Gilson. Por que Jesus n\u00e3o veio pregar o moralismo, mas a igualdade, a miseric\u00f3rdia, o repartir do p\u00e3o, o respeito \u00e0s mulheres, aos marginalizados e aos mais pobres\u201d, afirmou.<\/p>\n<p>A pol\u00eamica teve in\u00edcio ap\u00f3s Frei Gilson afirmar, em uma de suas prega\u00e7\u00f5es, que a miss\u00e3o da mulher seria \u201cauxiliar o homem\u201d, al\u00e9m de associar o conceito de empoderamento feminino a uma suposta insatisfa\u00e7\u00e3o com pap\u00e9is tradicionais. O religioso tamb\u00e9m defendeu que a lideran\u00e7a masculina teria fundamento b\u00edblico e classificou a chamada \u201cguerra dos sexos\u201d como fruto de ideologias contempor\u00e2neas.<\/p>\n<p>As declara\u00e7\u00f5es geraram ampla rea\u00e7\u00e3o nas redes sociais e foram criticadas por diferentes setores. A senadora Soraya Thronicke (PSB), de Mato Grosso do Sul, chegou a se referir ao frei como \u201cfalso profeta\u201d.<\/p>\n<p>PB Agora<\/p>\n","protected":false},"excerpt":{"rendered":"<p>A jornalista paraibana Rachel Sheherazade subiu o tom sobre o religioso Frei Gilson, que ganhou repercuss\u00e3o nas redes sociais ap\u00f3s declara\u00e7\u00f5es sobre o papel da&hellip; <\/p>\n","protected":false},"author":6,"featured_media":313435,"comment_status":"closed","ping_status":"closed","sticky":false,"template":"","format":"standard","meta":{"sfsi_plus_gutenberg_text_before_share":"","sfsi_plus_gutenberg_show_text_before_share":"","sfsi_plus_gutenberg_icon_type":"","sfsi_plus_gutenberg_icon_alignemt":"","sfsi_plus_gutenburg_max_per_row":"","footnotes":""},"categories":[123,50,2],"tags":[],"class_list":["post-313434","post","type-post","status-publish","format-standard","has-post-thumbnail","hentry","category-brasil","category-destaque","category-geral"],"_links":{"self":[{"href":"https:\/\/www.caririemacao.com\/1\/wp-json\/wp\/v2\/posts\/313434","targetHints":{"allow":["GET"]}}],"collection":[{"href":"https:\/\/www.caririemacao.com\/1\/wp-json\/wp\/v2\/posts"}],"about":[{"href":"https:\/\/www.caririemacao.com\/1\/wp-json\/wp\/v2\/types\/post"}],"author":[{"embeddable":true,"href":"https:\/\/www.caririemacao.com\/1\/wp-json\/wp\/v2\/users\/6"}],"replies":[{"embeddable":true,"href":"https:\/\/www.caririemacao.com\/1\/wp-json\/wp\/v2\/comments?post=313434"}],"version-history":[{"count":1,"href":"https:\/\/www.caririemacao.com\/1\/wp-json\/wp\/v2\/posts\/313434\/revisions"}],"predecessor-version":[{"id":313436,"href":"https:\/\/www.caririemacao.com\/1\/wp-json\/wp\/v2\/posts\/313434\/revisions\/313436"}],"wp:featuredmedia":[{"embeddable":true,"href":"https:\/\/www.caririemacao.com\/1\/wp-json\/wp\/v2\/media\/313435"}],"wp:attachment":[{"href":"https:\/\/www.caririemacao.com\/1\/wp-json\/wp\/v2\/media?parent=313434"}],"wp:term":[{"taxonomy":"category","embeddable":true,"href":"https:\/\/www.caririemacao.com\/1\/wp-json\/wp\/v2\/categories?post=313434"},{"taxonomy":"post_tag","embeddable":true,"href":"https:\/\/www.caririemacao.com\/1\/wp-json\/wp\/v2\/tags?post=313434"}],"curies":[{"name":"wp","href":"https:\/\/api.w.org\/{rel}","templated":true}]}}