{"id":313440,"date":"2026-04-27T03:20:28","date_gmt":"2026-04-27T06:20:28","guid":{"rendered":"https:\/\/www.caririemacao.com\/1\/?p=313440"},"modified":"2026-04-27T07:56:53","modified_gmt":"2026-04-27T10:56:53","slug":"prefeito-dr-junior-inaugura-passagens-molhadas-e-reforca-mobilidade-na-zona-rural-de-ouro-velho","status":"publish","type":"post","link":"https:\/\/www.caririemacao.com\/1\/2026\/04\/27\/prefeito-dr-junior-inaugura-passagens-molhadas-e-reforca-mobilidade-na-zona-rural-de-ouro-velho\/","title":{"rendered":"Prefeito Dr. J\u00fanior inaugura passagens molhadas e refor\u00e7a mobilidade na zona rural de Ouro Velho"},"content":{"rendered":"<p>A Prefeitura de Ouro Velho realizou no \u00faltimo s\u00e1bado (25), a inaugura\u00e7\u00e3o de duas novas passagens molhadas, fortalecendo a infraestrutura e garantindo mais seguran\u00e7a e mobilidade para moradores da zona rural do munic\u00edpio.<\/p>\n<p>As obras foram entregues nas comunidades de Lava P\u00e9s e Depend\u00eancia, beneficiando diretamente diversas fam\u00edlias que, especialmente no per\u00edodo chuvoso, enfrentavam dificuldades de acesso.<\/p>\n<p>O prefeito Dr. J\u00fanior esteve presente nas inaugura\u00e7\u00f5es, acompanhado de vereadores, secret\u00e1rios municipais, auxiliares da gest\u00e3o e da comunidade em geral, celebrando mais esse avan\u00e7o para o munic\u00edpio.<\/p>\n<p>Durante o evento, o gestor destacou a import\u00e2ncia das obras para o dia a dia da popula\u00e7\u00e3o rural. \u201cEssas passagens molhadas representam dignidade para o nosso povo. Estamos garantindo que as pessoas possam se deslocar com mais seguran\u00e7a, mesmo em tempos de chuva, al\u00e9m de facilitar o acesso aos servi\u00e7os essenciais\u201d, afirmou.<\/p>\n<p>Dr. J\u00fanior tamb\u00e9m ressaltou que investir na zona rural \u00e9 uma prioridade da gest\u00e3o. \u201cSeguimos firmes com o compromisso de levar desenvolvimento para todas as regi\u00f5es do munic\u00edpio. Obras como essas impactam diretamente na qualidade de vida, no escoamento da produ\u00e7\u00e3o e no acesso \u00e0 educa\u00e7\u00e3o e \u00e0 sa\u00fade\u201d, completou.<\/p>\n","protected":false},"excerpt":{"rendered":"<p>A Prefeitura de Ouro Velho realizou no \u00faltimo s\u00e1bado (25), a inaugura\u00e7\u00e3o de duas novas passagens molhadas, fortalecendo a infraestrutura e garantindo mais seguran\u00e7a e&hellip; <\/p>\n","protected":false},"author":6,"featured_media":313441,"comment_status":"closed","ping_status":"closed","sticky":false,"template":"","format":"standard","meta":{"sfsi_plus_gutenberg_text_before_share":"","sfsi_plus_gutenberg_show_text_before_share":"","sfsi_plus_gutenberg_icon_type":"","sfsi_plus_gutenberg_icon_alignemt":"","sfsi_plus_gutenburg_max_per_row":"","footnotes":""},"categories":[50,2,82],"tags":[],"class_list":["post-313440","post","type-post","status-publish","format-standard","has-post-thumbnail","hentry","category-destaque","category-geral","category-ouro-velho"],"_links":{"self":[{"href":"https:\/\/www.caririemacao.com\/1\/wp-json\/wp\/v2\/posts\/313440","targetHints":{"allow":["GET"]}}],"collection":[{"href":"https:\/\/www.caririemacao.com\/1\/wp-json\/wp\/v2\/posts"}],"about":[{"href":"https:\/\/www.caririemacao.com\/1\/wp-json\/wp\/v2\/types\/post"}],"author":[{"embeddable":true,"href":"https:\/\/www.caririemacao.com\/1\/wp-json\/wp\/v2\/users\/6"}],"replies":[{"embeddable":true,"href":"https:\/\/www.caririemacao.com\/1\/wp-json\/wp\/v2\/comments?post=313440"}],"version-history":[{"count":1,"href":"https:\/\/www.caririemacao.com\/1\/wp-json\/wp\/v2\/posts\/313440\/revisions"}],"predecessor-version":[{"id":313442,"href":"https:\/\/www.caririemacao.com\/1\/wp-json\/wp\/v2\/posts\/313440\/revisions\/313442"}],"wp:featuredmedia":[{"embeddable":true,"href":"https:\/\/www.caririemacao.com\/1\/wp-json\/wp\/v2\/media\/313441"}],"wp:attachment":[{"href":"https:\/\/www.caririemacao.com\/1\/wp-json\/wp\/v2\/media?parent=313440"}],"wp:term":[{"taxonomy":"category","embeddable":true,"href":"https:\/\/www.caririemacao.com\/1\/wp-json\/wp\/v2\/categories?post=313440"},{"taxonomy":"post_tag","embeddable":true,"href":"https:\/\/www.caririemacao.com\/1\/wp-json\/wp\/v2\/tags?post=313440"}],"curies":[{"name":"wp","href":"https:\/\/api.w.org\/{rel}","templated":true}]}}