{"id":313443,"date":"2026-04-27T03:40:07","date_gmt":"2026-04-27T06:40:07","guid":{"rendered":"https:\/\/www.caririemacao.com\/1\/?p=313443"},"modified":"2026-04-27T07:56:49","modified_gmt":"2026-04-27T10:56:49","slug":"ministros-do-stf-estao-preocupados-com-investigacoes-que-miram-lulinha","status":"publish","type":"post","link":"https:\/\/www.caririemacao.com\/1\/2026\/04\/27\/ministros-do-stf-estao-preocupados-com-investigacoes-que-miram-lulinha\/","title":{"rendered":"Ministros do STF est\u00e3o preocupados com investiga\u00e7\u00f5es que miram Lulinha"},"content":{"rendered":"<p>Cr\u00edticas \u00e1cidas ao ministro Andr\u00e9 Mendon\u00e7a permearam um jantar reservado no in\u00edcio do m\u00eas entre quatro ministros do Supremo Tribunal Federal (STF) e o presidente do Senado Davi Alcolumbre (Uni\u00e3o Brasil-AP). Ao relator dos dois inqu\u00e9ritos mais turbulentos do ano (os esc\u00e2ndalos do INSS e do Banco Master) os colegas de toga levantaram uma suspeita: a de que as investiga\u00e7\u00f5es que atingem Fabio Lu\u00eds\u00a0Lula\u00a0da Silva, o Lulinha, haviam sido \u201ccontaminadas\u201d pelo suposto \u00edmpeto de auxiliares do magistrado de alvejarem o presidente. Os quatro n\u00e3o apresentaram evid\u00eancias concretas do que alegaram, mas deixaram claro, segundo interlocutores, que Lula j\u00e1 havia sido informado da suposta conspirata.<\/p>\n<p>As insinua\u00e7\u00f5es contra Mendon\u00e7a t\u00eam como pano de fundo o fato de pelo menos um delegado da\u00a0Pol\u00edcia Federal\u00a0atuar no gabinete do magistrado como servidor cedido, o que, segundo os quatro ministros, emularia contra o primog\u00eanito do presidente uma pretensa volta do esp\u00edrito da Lava-Jato, um espantalho nem sempre real sacado em momentos sens\u00edveis, como o vive pela Corte em sua longa crise de imagem.<\/p>\n<p>De acordo com relatos, os ministros est\u00e3o convencidos de que haveria um vi\u00e9s ideol\u00f3gico na condu\u00e7\u00e3o das apura\u00e7\u00f5es sobre o esc\u00e2ndalo do\u00a0INSS, no qual Lulinha \u00e9 citado. Como se sabe, a defesa de Fabio Lu\u00eds procurou Andr\u00e9 Mendon\u00e7a para coloc\u00e1-lo \u00e0 disposi\u00e7\u00e3o para eventuais depoimentos, o que ainda n\u00e3o ocorreu.<\/p>\n<p>Na tentativa de cerco a Lulinha, a antiga CPMI do INSS ouviu um executivo que relatou que o empres\u00e1rio Ant\u00f4nio Camilo Antunes, o Careca do INSS, teria repassado por meio de lobistas 5 milh\u00f5es de reais a F\u00e1bio Lu\u00eds para que ele lhe abrisse portas no governo. Edson Claro, a testemunha, n\u00e3o apresentou provas do neg\u00f3cio, mas com o avan\u00e7o das investiga\u00e7\u00f5es o ministro Andr\u00e9 Mendon\u00e7a determinou em janeiro a quebra dos sigilos banc\u00e1rios, fiscais e telem\u00e1ticos do filho do presidente.<\/p>\n<p>Na sequ\u00eancia, a comiss\u00e3o de inqu\u00e9rito aprovou a suspens\u00e3o dos sigilos e come\u00e7ava a acessar os dados quando o ministro do\u00a0STF\u00a0Fl\u00e1vio Dino anulou as quebras sob a alega\u00e7\u00e3o de que a vota\u00e7\u00e3o ocorrida no colegiado, em bloco, era inconstitucional. Segundo o magistrado, como autoridades judiciais, as CPIs precisam adotar fundamentos claros antes de proceder com medidas t\u00e3o invasivas como a quebra de sigilos de investigados, o que n\u00e3o ocorreu no caso concreto.<\/p>\n<p>Desde o ano passado ministros do Supremo t\u00eam reclamado sob reserva de que grupos da PF, alocados em gabinetes no tribunal, poderiam influenciar os ju\u00edzes em decis\u00f5es com forte impacto na classe pol\u00edtica, como o caso do INSS. Entre integrantes do tribunal h\u00e1 a avalia\u00e7\u00e3o de que a presen\u00e7a de policiais no STF serviria n\u00e3o s\u00f3 para analisar dados sens\u00edveis de investiga\u00e7\u00f5es em curso, como quebras de sigilo de investigados, mas para supostamente tentar influenciar os ju\u00edzes sobre medidas judiciais mais extremas, como ordens de pris\u00e3o.<\/p>\n<p>Neste \u00faltimo caso, as insinua\u00e7\u00f5es dos magistrados respingam n\u00e3o s\u00f3 em Mendon\u00e7a, mas tamb\u00e9m no ministro\u00a0Alexandre de Moraes, que colocou em seu gabinete o delegado Fabio Shor, investigador \u00e0 frente do inqu\u00e9rito da trama golpista.<\/p>\n<p><em>Com Veja<\/em><\/p>\n","protected":false},"excerpt":{"rendered":"<p>Cr\u00edticas \u00e1cidas ao ministro Andr\u00e9 Mendon\u00e7a permearam um jantar reservado no in\u00edcio do m\u00eas entre quatro ministros do Supremo Tribunal Federal (STF) e o presidente&hellip; <\/p>\n","protected":false},"author":6,"featured_media":313444,"comment_status":"closed","ping_status":"closed","sticky":false,"template":"","format":"standard","meta":{"sfsi_plus_gutenberg_text_before_share":"","sfsi_plus_gutenberg_show_text_before_share":"","sfsi_plus_gutenberg_icon_type":"","sfsi_plus_gutenberg_icon_alignemt":"","sfsi_plus_gutenburg_max_per_row":"","footnotes":""},"categories":[123,50,2,11],"tags":[],"class_list":["post-313443","post","type-post","status-publish","format-standard","has-post-thumbnail","hentry","category-brasil","category-destaque","category-geral","category-politica"],"_links":{"self":[{"href":"https:\/\/www.caririemacao.com\/1\/wp-json\/wp\/v2\/posts\/313443","targetHints":{"allow":["GET"]}}],"collection":[{"href":"https:\/\/www.caririemacao.com\/1\/wp-json\/wp\/v2\/posts"}],"about":[{"href":"https:\/\/www.caririemacao.com\/1\/wp-json\/wp\/v2\/types\/post"}],"author":[{"embeddable":true,"href":"https:\/\/www.caririemacao.com\/1\/wp-json\/wp\/v2\/users\/6"}],"replies":[{"embeddable":true,"href":"https:\/\/www.caririemacao.com\/1\/wp-json\/wp\/v2\/comments?post=313443"}],"version-history":[{"count":1,"href":"https:\/\/www.caririemacao.com\/1\/wp-json\/wp\/v2\/posts\/313443\/revisions"}],"predecessor-version":[{"id":313445,"href":"https:\/\/www.caririemacao.com\/1\/wp-json\/wp\/v2\/posts\/313443\/revisions\/313445"}],"wp:featuredmedia":[{"embeddable":true,"href":"https:\/\/www.caririemacao.com\/1\/wp-json\/wp\/v2\/media\/313444"}],"wp:attachment":[{"href":"https:\/\/www.caririemacao.com\/1\/wp-json\/wp\/v2\/media?parent=313443"}],"wp:term":[{"taxonomy":"category","embeddable":true,"href":"https:\/\/www.caririemacao.com\/1\/wp-json\/wp\/v2\/categories?post=313443"},{"taxonomy":"post_tag","embeddable":true,"href":"https:\/\/www.caririemacao.com\/1\/wp-json\/wp\/v2\/tags?post=313443"}],"curies":[{"name":"wp","href":"https:\/\/api.w.org\/{rel}","templated":true}]}}