{"id":313451,"date":"2026-04-27T13:36:58","date_gmt":"2026-04-27T16:36:58","guid":{"rendered":"https:\/\/www.caririemacao.com\/1\/?p=313451"},"modified":"2026-04-27T13:37:11","modified_gmt":"2026-04-27T16:37:11","slug":"vereadores-de-paulo-ramos-participam-da-25a-marcha-dos-gestores-e-legislativos-municipais-em-brasilia","status":"publish","type":"post","link":"https:\/\/www.caririemacao.com\/1\/2026\/04\/27\/vereadores-de-paulo-ramos-participam-da-25a-marcha-dos-gestores-e-legislativos-municipais-em-brasilia\/","title":{"rendered":"Vereadores de Paulo Ramos participam da 25\u00aa Marcha dos Gestores e Legislativos Municipais em Bras\u00edlia"},"content":{"rendered":"<p data-start=\"181\" data-end=\"597\">Vereadores do munic\u00edpio de Paulo Ramos, no Maranh\u00e3o, est\u00e3o participando da 25\u00aa edi\u00e7\u00e3o da Marcha dos Gestores e Legislativos Municipais, realizada em Bras\u00edlia (DF), entre os dias 27 e 30 de abril de 2026. Considerado o maior encontro de legislativos municipais da Am\u00e9rica Latina, o evento re\u00fane parlamentares de todo o pa\u00eds em busca de fortalecimento institucional, troca de experi\u00eancias e amplia\u00e7\u00e3o de conhecimentos.<\/p>\n<p data-start=\"599\" data-end=\"890\">A comitiva de Paulo Ramos conta com a presen\u00e7a do presidente da C\u00e2mara Municipal, vereador Afr\u00e2nio Leal, al\u00e9m dos vereadores Raimundo da Silva, Jos\u00e9 Saboia, Francisco Nunes, Antonio Wesley, Dagilson Borges, Antonio Pereira, Irisnalva Pinheiro, Edvaldo de Melo e Leonardo Lima.<\/p>\n<p data-start=\"892\" data-end=\"1216\">Durante a programa\u00e7\u00e3o, os participantes acompanham palestras, debates e pain\u00e9is sobre temas relevantes para o exerc\u00edcio do mandato, como m\u00eddia e comunica\u00e7\u00e3o, processo legislativo, controle externo, intelig\u00eancia artificial, reforma tribut\u00e1ria, pol\u00edticas p\u00fablicas municipais, entre outros assuntos de interesse do Legislativo.<\/p>\n<p data-start=\"1218\" data-end=\"1502\">Promovida pela Plen\u00e1ria Assessoria, em parceria com a Uni\u00e3o dos Vereadores do Brasil (UVB), a Marcha tem como principal objetivo fortalecer o Poder Legislativo Municipal, ampliar o di\u00e1logo com institui\u00e7\u00f5es nacionais e contribuir para a melhoria das a\u00e7\u00f5es parlamentares nos munic\u00edpios.<\/p>\n<p data-start=\"1504\" data-end=\"1948\">O presidente da C\u00e2mara, vereador Afr\u00e2nio Leal, destacou a import\u00e2ncia da participa\u00e7\u00e3o no evento. \u201cA Marcha \u00e9 um momento fundamental para fortalecer o Legislativo municipal, ampliar conhecimentos e buscar caminhos que tragam mais resultados para a nossa popula\u00e7\u00e3o. Estamos aqui representando Paulo Ramos com responsabilidade, buscando aprendizado e oportunidades que possam se transformar em benef\u00edcios concretos para o nosso povo\u201d, afirmou.<\/p>\n<p data-start=\"1950\" data-end=\"2175\">Al\u00e9m das palestras, a programa\u00e7\u00e3o inclui a realiza\u00e7\u00e3o da Expobrasil, o Trof\u00e9u Destaque Nacional da UVB e o Ato da Democracia Representativa pelo Fortalecimento do Poder Legislativo Municipal Brasileiro, realizado em Bras\u00edlia.<\/p>\n<p data-start=\"2177\" data-end=\"2361\" data-is-last-node=\"\" data-is-only-node=\"\">A participa\u00e7\u00e3o dos vereadores refor\u00e7a o compromisso do Legislativo de Paulo Ramos com a qualifica\u00e7\u00e3o dos mandatos e a busca por melhorias que impactem diretamente na vida da popula\u00e7\u00e3o.<\/p>\n<p data-start=\"2177\" data-end=\"2361\" data-is-last-node=\"\" data-is-only-node=\"\">\n<p data-start=\"2177\" data-end=\"2361\" data-is-last-node=\"\" data-is-only-node=\"\"><strong>CARIRI EM A\u00c7\u00c3O<\/strong><\/p>\n","protected":false},"excerpt":{"rendered":"<p>Vereadores do munic\u00edpio de Paulo Ramos, no Maranh\u00e3o, est\u00e3o participando da 25\u00aa edi\u00e7\u00e3o da Marcha dos Gestores e Legislativos Municipais, realizada em Bras\u00edlia (DF), entre&hellip; <\/p>\n","protected":false},"author":6,"featured_media":313452,"comment_status":"closed","ping_status":"closed","sticky":false,"template":"","format":"standard","meta":{"sfsi_plus_gutenberg_text_before_share":"","sfsi_plus_gutenberg_show_text_before_share":"","sfsi_plus_gutenberg_icon_type":"","sfsi_plus_gutenberg_icon_alignemt":"","sfsi_plus_gutenburg_max_per_row":"","footnotes":""},"categories":[123,50,2],"tags":[],"class_list":["post-313451","post","type-post","status-publish","format-standard","has-post-thumbnail","hentry","category-brasil","category-destaque","category-geral"],"_links":{"self":[{"href":"https:\/\/www.caririemacao.com\/1\/wp-json\/wp\/v2\/posts\/313451","targetHints":{"allow":["GET"]}}],"collection":[{"href":"https:\/\/www.caririemacao.com\/1\/wp-json\/wp\/v2\/posts"}],"about":[{"href":"https:\/\/www.caririemacao.com\/1\/wp-json\/wp\/v2\/types\/post"}],"author":[{"embeddable":true,"href":"https:\/\/www.caririemacao.com\/1\/wp-json\/wp\/v2\/users\/6"}],"replies":[{"embeddable":true,"href":"https:\/\/www.caririemacao.com\/1\/wp-json\/wp\/v2\/comments?post=313451"}],"version-history":[{"count":2,"href":"https:\/\/www.caririemacao.com\/1\/wp-json\/wp\/v2\/posts\/313451\/revisions"}],"predecessor-version":[{"id":313454,"href":"https:\/\/www.caririemacao.com\/1\/wp-json\/wp\/v2\/posts\/313451\/revisions\/313454"}],"wp:featuredmedia":[{"embeddable":true,"href":"https:\/\/www.caririemacao.com\/1\/wp-json\/wp\/v2\/media\/313452"}],"wp:attachment":[{"href":"https:\/\/www.caririemacao.com\/1\/wp-json\/wp\/v2\/media?parent=313451"}],"wp:term":[{"taxonomy":"category","embeddable":true,"href":"https:\/\/www.caririemacao.com\/1\/wp-json\/wp\/v2\/categories?post=313451"},{"taxonomy":"post_tag","embeddable":true,"href":"https:\/\/www.caririemacao.com\/1\/wp-json\/wp\/v2\/tags?post=313451"}],"curies":[{"name":"wp","href":"https:\/\/api.w.org\/{rel}","templated":true}]}}