{"id":313455,"date":"2026-04-27T13:42:21","date_gmt":"2026-04-27T16:42:21","guid":{"rendered":"https:\/\/www.caririemacao.com\/1\/?p=313455"},"modified":"2026-04-27T13:45:25","modified_gmt":"2026-04-27T16:45:25","slug":"presidente-nego-de-ze-severino-e-vereadores-de-barauna-participam-da-25a-marcha-dos-gestores-e-legislativos-municipais","status":"publish","type":"post","link":"https:\/\/www.caririemacao.com\/1\/2026\/04\/27\/presidente-nego-de-ze-severino-e-vereadores-de-barauna-participam-da-25a-marcha-dos-gestores-e-legislativos-municipais\/","title":{"rendered":"Presidente Nego de Z\u00e9 Severino e vereadores de Bara\u00fana participam da 25\u00aa Marcha dos Gestores e Legislativos Municipais"},"content":{"rendered":"<p data-start=\"124\" data-end=\"332\">Representantes do munic\u00edpio de Bara\u00fana, no Cariri paraibano, tamb\u00e9m est\u00e3o participando da 25\u00aa Marcha dos Gestores e Legislativos Municipais, realizada em Bras\u00edlia (DF), entre os dias 27 e 30 de abril de 2026.<\/p>\n<p data-start=\"334\" data-end=\"548\">A comitiva conta com a presen\u00e7a do presidente da C\u00e2mara Municipal, vereador Nego de Z\u00e9 Severino, al\u00e9m dos vereadores Reginaldo\u00a0e Jorayde, que integram a delega\u00e7\u00e3o do munic\u00edpio no evento.<\/p>\n<p data-start=\"550\" data-end=\"838\">Considerado o maior encontro de legislativos municipais da Am\u00e9rica Latina, a Marcha re\u00fane parlamentares de todo o pa\u00eds para debater temas importantes para o fortalecimento do Poder Legislativo Municipal, al\u00e9m de promover a troca de experi\u00eancias e a busca por melhorias para os munic\u00edpios.<\/p>\n<p data-start=\"840\" data-end=\"1068\">Durante a programa\u00e7\u00e3o, os participantes acompanham palestras e pain\u00e9is sobre assuntos como comunica\u00e7\u00e3o no mandato, processo legislativo, intelig\u00eancia artificial, pol\u00edticas p\u00fablicas, reforma tribut\u00e1ria e valoriza\u00e7\u00e3o dos mandatos.<\/p>\n<p data-start=\"1070\" data-end=\"1506\">O presidente da C\u00e2mara de Bara\u00fana, vereador Nego de Z\u00e9 Severino, destacou a import\u00e2ncia da participa\u00e7\u00e3o no evento.<\/p>\n<p data-start=\"1070\" data-end=\"1506\">\u201cEstar na Marcha \u00e9 uma oportunidade de aprendizado e de troca de experi\u00eancias com representantes de todo o Brasil. Estamos aqui em busca de conhecimento e de melhorias que possam ser aplicadas no nosso munic\u00edpio, fortalecendo o trabalho do Legislativo e trazendo mais resultados para a popula\u00e7\u00e3o de Bara\u00fana\u201d, afirmou.<\/p>\n<p data-start=\"1070\" data-end=\"1506\"><strong>CARIRI EM A\u00c7\u00c3O<\/strong><\/p>\n","protected":false},"excerpt":{"rendered":"<p>Representantes do munic\u00edpio de Bara\u00fana, no Cariri paraibano, tamb\u00e9m est\u00e3o participando da 25\u00aa Marcha dos Gestores e Legislativos Municipais, realizada em Bras\u00edlia (DF), entre os&hellip; <\/p>\n","protected":false},"author":6,"featured_media":313456,"comment_status":"closed","ping_status":"closed","sticky":false,"template":"","format":"standard","meta":{"sfsi_plus_gutenberg_text_before_share":"","sfsi_plus_gutenberg_show_text_before_share":"","sfsi_plus_gutenberg_icon_type":"","sfsi_plus_gutenberg_icon_alignemt":"","sfsi_plus_gutenburg_max_per_row":"","footnotes":""},"categories":[50,2,104],"tags":[],"class_list":["post-313455","post","type-post","status-publish","format-standard","has-post-thumbnail","hentry","category-destaque","category-geral","category-paraiba"],"_links":{"self":[{"href":"https:\/\/www.caririemacao.com\/1\/wp-json\/wp\/v2\/posts\/313455","targetHints":{"allow":["GET"]}}],"collection":[{"href":"https:\/\/www.caririemacao.com\/1\/wp-json\/wp\/v2\/posts"}],"about":[{"href":"https:\/\/www.caririemacao.com\/1\/wp-json\/wp\/v2\/types\/post"}],"author":[{"embeddable":true,"href":"https:\/\/www.caririemacao.com\/1\/wp-json\/wp\/v2\/users\/6"}],"replies":[{"embeddable":true,"href":"https:\/\/www.caririemacao.com\/1\/wp-json\/wp\/v2\/comments?post=313455"}],"version-history":[{"count":3,"href":"https:\/\/www.caririemacao.com\/1\/wp-json\/wp\/v2\/posts\/313455\/revisions"}],"predecessor-version":[{"id":313459,"href":"https:\/\/www.caririemacao.com\/1\/wp-json\/wp\/v2\/posts\/313455\/revisions\/313459"}],"wp:featuredmedia":[{"embeddable":true,"href":"https:\/\/www.caririemacao.com\/1\/wp-json\/wp\/v2\/media\/313456"}],"wp:attachment":[{"href":"https:\/\/www.caririemacao.com\/1\/wp-json\/wp\/v2\/media?parent=313455"}],"wp:term":[{"taxonomy":"category","embeddable":true,"href":"https:\/\/www.caririemacao.com\/1\/wp-json\/wp\/v2\/categories?post=313455"},{"taxonomy":"post_tag","embeddable":true,"href":"https:\/\/www.caririemacao.com\/1\/wp-json\/wp\/v2\/tags?post=313455"}],"curies":[{"name":"wp","href":"https:\/\/api.w.org\/{rel}","templated":true}]}}