{"id":313460,"date":"2026-04-27T13:50:51","date_gmt":"2026-04-27T16:50:51","guid":{"rendered":"https:\/\/www.caririemacao.com\/1\/?p=313460"},"modified":"2026-04-27T13:50:51","modified_gmt":"2026-04-27T16:50:51","slug":"diogo-cunha-lima-e-oficializado-como-pre-candidato-a-vice-de-cicero-e-reforca-disputa-por-campina-grande","status":"publish","type":"post","link":"https:\/\/www.caririemacao.com\/1\/2026\/04\/27\/diogo-cunha-lima-e-oficializado-como-pre-candidato-a-vice-de-cicero-e-reforca-disputa-por-campina-grande\/","title":{"rendered":"Diogo Cunha Lima \u00e9 oficializado como pr\u00e9-candidato a vice de C\u00edcero e refor\u00e7a disputa por Campina Grande"},"content":{"rendered":"<p>O empres\u00e1rio Diogo Cunha Lima (PSD) foi oficializado nesta segunda-feira (27) como pr\u00e9-candidato a vice-governador na chapa encabe\u00e7ada pelo ex-prefeito de Jo\u00e3o Pessoa, C\u00edcero Lucena (MDB).<\/p>\n<p>O an\u00fancio ocorreu durante evento conjunto do MDB e do PSD, em Campina Grande, reunindo lideran\u00e7as das duas siglas.<\/p>\n<p>A incorpora\u00e7\u00e3o de Diogo ao projeto de C\u00edcero ocorre ap\u00f3s o irm\u00e3o e presidente estadual do PSD, Pedro Cunha Lima, declinar de participar de mais uma disputa majorit\u00e1ria.<\/p>\n<h2 class=\"wp-block-heading\">Diogo explica por que aceitou o convite<\/h2>\n<p>Mesmo sem trajet\u00f3ria eleitoral, o empres\u00e1rio destacou que aceitou o convite com base em uma \u201calian\u00e7a de trabalho\u201d e na experi\u00eancia acumulada na iniciativa privada.<\/p>\n<p>\u201cAcredito muito no tempo certo das coisas acontecerem. Neste momento, estou preparado, podendo contribuir mais. Tive viv\u00eancias no campo privado e quero trazer isso para o setor p\u00fablico. Estou pronto e querendo trabalhar\u201d, declarou.<\/p>\n<p>O empres\u00e1rio tamb\u00e9m rebateu cr\u00edticas sobre sua liga\u00e7\u00e3o com Campina Grande. \u201cEu tenho duas casas. N\u00e3o \u00e9 um endere\u00e7o que vai me definir. Tenho uma hist\u00f3ria com Campina\u201d, afirmou, ao refor\u00e7ar que mant\u00e9m resid\u00eancia tanto na Rainha da Borborema quanto em Jo\u00e3o Pessoa.<\/p>\n<h2 class=\"wp-block-heading\">C\u00edcero diz que Diogo ser\u00e1 \u201csegundo governador\u201d<\/h2>\n<p>Durante o evento, C\u00edcero Lucena celebrou a composi\u00e7\u00e3o da chapa e destacou o perfil do novo aliado. \u201cCom muita alegria, comunico ao povo da Para\u00edba que nosso companheiro de chapa \u00e9 Diogo Cunha Lima\u201d, declarou, acrescentando que o empres\u00e1rio ter\u00e1 papel ativo na gest\u00e3o, chegando a defini-lo como um \u201csegundo governador\u201d.<\/p>\n<p>A escolha refor\u00e7a uma estrat\u00e9gia pol\u00edtica voltada para Campina Grande, que tem se consolidado como pe\u00e7a-chave nas articula\u00e7\u00f5es para 2026. O atual governador, Lucas Ribeiro (PP), que deve buscar a reelei\u00e7\u00e3o, mant\u00e9m base no munic\u00edpio. J\u00e1 o senador Efraim Filho (PL) articula uma chapa com a poss\u00edvel presen\u00e7a da primeira-dama campinense, Juliana Cunha Lima, como vice.\u00a0At\u00e9 mesmo o pr\u00e9-candidato do PSOL, Ol\u00edmpio Rocha, tem origem pol\u00edtica vinculada \u00e0 cidade.<\/p>\n<figure class=\"wp-block-image aligncenter\"><img decoding=\"async\" class=\"aligncenter lazyload\" data-src=\"https:\/\/cdn.jornaldaparaiba.com.br\/img\/inline\/210000\/500x0\/Diogo-Cunha-Lima-e-oficializado-como-pre-candidato0021778401202604271149-8.webp?fallback=https%3A%2F%2Fcdn.jornaldaparaiba.com.br%2Fimg%2Finline%2F210000%2FDiogo-Cunha-Lima-e-oficializado-como-pre-candidato0021778401202604271149.jpg%3Fxid%3D1206055&amp;xid=1206055\" alt=\"\n\n\t\t\t\t\tDiogo Cunha Lima \u00e9 oficializado como pr\u00e9-candidato a vice de C\u00edcero e refor\u00e7a disputa por CG\n\n\t\t\t\t\" src=\"data:image\/svg+xml;base64,PHN2ZyB3aWR0aD0iMSIgaGVpZ2h0PSIxIiB4bWxucz0iaHR0cDovL3d3dy53My5vcmcvMjAwMC9zdmciPjwvc3ZnPg==\" \/><figcaption class=\"wp-element-caption\">Gabriel Abdon<\/figcaption><\/figure>\n<figure class=\"wp-block-image aligncenter\"><img decoding=\"async\" class=\"aligncenter lazyload\" data-src=\"https:\/\/cdn.jornaldaparaiba.com.br\/img\/inline\/210000\/500x0\/Diogo-Cunha-Lima-e-oficializado-como-pre-candidato0021778402202604271149-8.webp?fallback=https%3A%2F%2Fcdn.jornaldaparaiba.com.br%2Fimg%2Finline%2F210000%2FDiogo-Cunha-Lima-e-oficializado-como-pre-candidato0021778402202604271149.jpg%3Fxid%3D1206056&amp;xid=1206056\" alt=\"\n\n\t\t\t\t\tDiogo Cunha Lima \u00e9 oficializado como pr\u00e9-candidato a vice de C\u00edcero e refor\u00e7a disputa por CG\n\n\t\t\t\t\" src=\"data:image\/svg+xml;base64,PHN2ZyB3aWR0aD0iMSIgaGVpZ2h0PSIxIiB4bWxucz0iaHR0cDovL3d3dy53My5vcmcvMjAwMC9zdmciPjwvc3ZnPg==\" \/><figcaption class=\"wp-element-caption\">Gabriel Abdon<\/figcaption><\/figure>\n<figure class=\"wp-block-image aligncenter\"><img decoding=\"async\" class=\"aligncenter lazyload\" data-src=\"https:\/\/cdn.jornaldaparaiba.com.br\/img\/inline\/210000\/500x0\/Diogo-Cunha-Lima-e-oficializado-como-pre-candidato0021778403202604271149-8.webp?fallback=https%3A%2F%2Fcdn.jornaldaparaiba.com.br%2Fimg%2Finline%2F210000%2FDiogo-Cunha-Lima-e-oficializado-como-pre-candidato0021778403202604271149.jpg%3Fxid%3D1206057&amp;xid=1206057\" alt=\"\n\n\t\t\t\t\tDiogo Cunha Lima \u00e9 oficializado como pr\u00e9-candidato a vice de C\u00edcero e refor\u00e7a disputa por CG\n\n\t\t\t\t\" src=\"data:image\/svg+xml;base64,PHN2ZyB3aWR0aD0iMSIgaGVpZ2h0PSIxIiB4bWxucz0iaHR0cDovL3d3dy53My5vcmcvMjAwMC9zdmciPjwvc3ZnPg==\" \/><figcaption class=\"wp-element-caption\">Gabriel Abdon<\/figcaption><\/figure>\n<figure class=\"wp-block-image aligncenter\"><img decoding=\"async\" class=\"aligncenter lazyload\" data-src=\"https:\/\/cdn.jornaldaparaiba.com.br\/img\/inline\/210000\/500x0\/Diogo-Cunha-Lima-e-oficializado-como-pre-candidato0021778404202604271149-8.webp?fallback=https%3A%2F%2Fcdn.jornaldaparaiba.com.br%2Fimg%2Finline%2F210000%2FDiogo-Cunha-Lima-e-oficializado-como-pre-candidato0021778404202604271149.jpg%3Fxid%3D1206058&amp;xid=1206058\" alt=\"\n\n\t\t\t\t\tDiogo Cunha Lima \u00e9 oficializado como pr\u00e9-candidato a vice de C\u00edcero e refor\u00e7a disputa por CG\n\n\t\t\t\t\" src=\"data:image\/svg+xml;base64,PHN2ZyB3aWR0aD0iMSIgaGVpZ2h0PSIxIiB4bWxucz0iaHR0cDovL3d3dy53My5vcmcvMjAwMC9zdmciPjwvc3ZnPg==\" \/><figcaption class=\"wp-element-caption\">Gabriel Abdon<\/figcaption><\/figure>\n<figure class=\"wp-block-image aligncenter\"><img decoding=\"async\" class=\"aligncenter lazyload\" data-src=\"https:\/\/cdn.jornaldaparaiba.com.br\/img\/inline\/210000\/500x0\/Diogo-Cunha-Lima-e-oficializado-como-pre-candidato0021778401202604271149-8.webp?fallback=https%3A%2F%2Fcdn.jornaldaparaiba.com.br%2Fimg%2Finline%2F210000%2FDiogo-Cunha-Lima-e-oficializado-como-pre-candidato0021778401202604271149.jpg%3Fxid%3D1206055&amp;xid=1206055\" alt=\"\n\n\t\t\t\t\tDiogo Cunha Lima \u00e9 oficializado como pr\u00e9-candidato a vice de C\u00edcero e refor\u00e7a disputa por CG\n\n\t\t\t\t\" src=\"data:image\/svg+xml;base64,PHN2ZyB3aWR0aD0iMSIgaGVpZ2h0PSIxIiB4bWxucz0iaHR0cDovL3d3dy53My5vcmcvMjAwMC9zdmciPjwvc3ZnPg==\" \/><figcaption class=\"wp-element-caption\">Gabriel Abdon<\/figcaption><\/figure>\n<p>&nbsp;<\/p>\n<p><em>Com Jornal da Para\u00edba<\/em><\/p>\n","protected":false},"excerpt":{"rendered":"<p>O empres\u00e1rio Diogo Cunha Lima (PSD) foi oficializado nesta segunda-feira (27) como pr\u00e9-candidato a vice-governador na chapa encabe\u00e7ada pelo ex-prefeito de Jo\u00e3o Pessoa, C\u00edcero Lucena&hellip; <\/p>\n","protected":false},"author":6,"featured_media":313461,"comment_status":"closed","ping_status":"closed","sticky":false,"template":"","format":"standard","meta":{"sfsi_plus_gutenberg_text_before_share":"","sfsi_plus_gutenberg_show_text_before_share":"","sfsi_plus_gutenberg_icon_type":"","sfsi_plus_gutenberg_icon_alignemt":"","sfsi_plus_gutenburg_max_per_row":"","footnotes":""},"categories":[50,2,104,11],"tags":[],"class_list":["post-313460","post","type-post","status-publish","format-standard","has-post-thumbnail","hentry","category-destaque","category-geral","category-paraiba","category-politica"],"_links":{"self":[{"href":"https:\/\/www.caririemacao.com\/1\/wp-json\/wp\/v2\/posts\/313460","targetHints":{"allow":["GET"]}}],"collection":[{"href":"https:\/\/www.caririemacao.com\/1\/wp-json\/wp\/v2\/posts"}],"about":[{"href":"https:\/\/www.caririemacao.com\/1\/wp-json\/wp\/v2\/types\/post"}],"author":[{"embeddable":true,"href":"https:\/\/www.caririemacao.com\/1\/wp-json\/wp\/v2\/users\/6"}],"replies":[{"embeddable":true,"href":"https:\/\/www.caririemacao.com\/1\/wp-json\/wp\/v2\/comments?post=313460"}],"version-history":[{"count":1,"href":"https:\/\/www.caririemacao.com\/1\/wp-json\/wp\/v2\/posts\/313460\/revisions"}],"predecessor-version":[{"id":313462,"href":"https:\/\/www.caririemacao.com\/1\/wp-json\/wp\/v2\/posts\/313460\/revisions\/313462"}],"wp:featuredmedia":[{"embeddable":true,"href":"https:\/\/www.caririemacao.com\/1\/wp-json\/wp\/v2\/media\/313461"}],"wp:attachment":[{"href":"https:\/\/www.caririemacao.com\/1\/wp-json\/wp\/v2\/media?parent=313460"}],"wp:term":[{"taxonomy":"category","embeddable":true,"href":"https:\/\/www.caririemacao.com\/1\/wp-json\/wp\/v2\/categories?post=313460"},{"taxonomy":"post_tag","embeddable":true,"href":"https:\/\/www.caririemacao.com\/1\/wp-json\/wp\/v2\/tags?post=313460"}],"curies":[{"name":"wp","href":"https:\/\/api.w.org\/{rel}","templated":true}]}}