{"id":313463,"date":"2026-04-27T17:45:51","date_gmt":"2026-04-27T20:45:51","guid":{"rendered":"https:\/\/www.caririemacao.com\/1\/?p=313463"},"modified":"2026-04-27T17:45:51","modified_gmt":"2026-04-27T20:45:51","slug":"divulgado-calendario-de-pagamento-dos-servidores-do-estado","status":"publish","type":"post","link":"https:\/\/www.caririemacao.com\/1\/2026\/04\/27\/divulgado-calendario-de-pagamento-dos-servidores-do-estado\/","title":{"rendered":"Divulgado calend\u00e1rio de pagamento dos servidores do Estado"},"content":{"rendered":"<p>O governador Lucas Ribeiro (PP) anunciou, nesta segunda-feira (27), o calend\u00e1rio de pagamento dos servidores do Estado.<\/p>\n<p>O an\u00fancio foi feito durante o programa Conversa com o Governador, da Tabajara FM.<\/p>\n<p>Na pr\u00f3xima quarta-feira (29), recebem os servidores aposentados, pensionistas e reformados da gest\u00e3o estadual.<\/p>\n<p>J\u00e1 na quinta-feira (30), ser\u00e1 feito o pagamento dos servidores da ativa e funcion\u00e1rios da administra\u00e7\u00e3o direta e indireta.<\/p>\n","protected":false},"excerpt":{"rendered":"<p>O governador Lucas Ribeiro (PP) anunciou, nesta segunda-feira (27), o calend\u00e1rio de pagamento dos servidores do Estado. O an\u00fancio foi feito durante o programa Conversa&hellip; <\/p>\n","protected":false},"author":6,"featured_media":311725,"comment_status":"closed","ping_status":"closed","sticky":false,"template":"","format":"standard","meta":{"sfsi_plus_gutenberg_text_before_share":"","sfsi_plus_gutenberg_show_text_before_share":"","sfsi_plus_gutenberg_icon_type":"","sfsi_plus_gutenberg_icon_alignemt":"","sfsi_plus_gutenburg_max_per_row":"","footnotes":""},"categories":[50,2,104],"tags":[],"class_list":["post-313463","post","type-post","status-publish","format-standard","has-post-thumbnail","hentry","category-destaque","category-geral","category-paraiba"],"_links":{"self":[{"href":"https:\/\/www.caririemacao.com\/1\/wp-json\/wp\/v2\/posts\/313463","targetHints":{"allow":["GET"]}}],"collection":[{"href":"https:\/\/www.caririemacao.com\/1\/wp-json\/wp\/v2\/posts"}],"about":[{"href":"https:\/\/www.caririemacao.com\/1\/wp-json\/wp\/v2\/types\/post"}],"author":[{"embeddable":true,"href":"https:\/\/www.caririemacao.com\/1\/wp-json\/wp\/v2\/users\/6"}],"replies":[{"embeddable":true,"href":"https:\/\/www.caririemacao.com\/1\/wp-json\/wp\/v2\/comments?post=313463"}],"version-history":[{"count":1,"href":"https:\/\/www.caririemacao.com\/1\/wp-json\/wp\/v2\/posts\/313463\/revisions"}],"predecessor-version":[{"id":313464,"href":"https:\/\/www.caririemacao.com\/1\/wp-json\/wp\/v2\/posts\/313463\/revisions\/313464"}],"wp:featuredmedia":[{"embeddable":true,"href":"https:\/\/www.caririemacao.com\/1\/wp-json\/wp\/v2\/media\/311725"}],"wp:attachment":[{"href":"https:\/\/www.caririemacao.com\/1\/wp-json\/wp\/v2\/media?parent=313463"}],"wp:term":[{"taxonomy":"category","embeddable":true,"href":"https:\/\/www.caririemacao.com\/1\/wp-json\/wp\/v2\/categories?post=313463"},{"taxonomy":"post_tag","embeddable":true,"href":"https:\/\/www.caririemacao.com\/1\/wp-json\/wp\/v2\/tags?post=313463"}],"curies":[{"name":"wp","href":"https:\/\/api.w.org\/{rel}","templated":true}]}}