{"id":313465,"date":"2026-04-27T17:50:45","date_gmt":"2026-04-27T20:50:45","guid":{"rendered":"https:\/\/www.caririemacao.com\/1\/?p=313465"},"modified":"2026-04-27T17:50:45","modified_gmt":"2026-04-27T20:50:45","slug":"jovem-de-itapetim-e-encontrada-morta-na-zona-rural-de-desterro-companheiro-e-principal-suspeito","status":"publish","type":"post","link":"https:\/\/www.caririemacao.com\/1\/2026\/04\/27\/jovem-de-itapetim-e-encontrada-morta-na-zona-rural-de-desterro-companheiro-e-principal-suspeito\/","title":{"rendered":"Jovem de Itapetim \u00e9 encontrada morta na zona rural de Desterro; companheiro \u00e9 principal suspeito"},"content":{"rendered":"<p style=\"text-align: center;\"><em>V\u00edtima foi identificada como Estefani Vit\u00f3ria dos Santos Ferreira, de 20 anos; pol\u00edcia investiga o caso.<\/em><\/p>\n<p>A jovem Estefani Vit\u00f3ria dos Santos Ferreira, de 20 anos, foi encontrada morta na manh\u00e3 desta segunda-feira (27), em uma resid\u00eancia localizada no S\u00edtio Boqueir\u00e3o, zona rural do munic\u00edpio de Desterro, na Regi\u00e3o da Serra do Teixeira e de acordo com informa\u00e7\u00f5es da Pol\u00edcia Militar, a equipe foi acionada por um propriet\u00e1rio rural, que estranhou a aus\u00eancia de movimenta\u00e7\u00e3o na casa.<\/p>\n<p>Ao chegar ao local, os policiais constataram ind\u00edcios de poss\u00edvel crime, como manchas semelhantes a sangue no interior da resid\u00eancia. Ap\u00f3s entrarem no im\u00f3vel, encontraram Estefani j\u00e1 sem sinais vitais, deitada em um dos quartos. A \u00e1rea foi isolada e equipes da per\u00edcia e da Pol\u00edcia Civil da Para\u00edba foram acionadas, confirmando o \u00f3bito. Durante a averigua\u00e7\u00e3o, foi encontrada uma arma de fogo de fabrica\u00e7\u00e3o artesanal, que foi apreendida e encaminhada \u00e0 autoridade competente.<\/p>\n<p>Segundo informa\u00e7\u00f5es preliminares da per\u00edcia, a causa da morte n\u00e3o teria sido provocada por disparo de arma de fogo, o que dever\u00e1 ser esclarecido no decorrer das investiga\u00e7\u00f5es.<br \/>\nVit\u00f3ria era natural de Itapetim.<\/p>\n<p>&nbsp;<\/p>\n<p>&nbsp;<\/p>\n<p><strong>CARIRI EM A\u00c7\u00c3O<\/strong><\/p>\n<p><em>Com Blog do Marcello Patriota\u00a0<\/em><\/p>\n","protected":false},"excerpt":{"rendered":"<p>V\u00edtima foi identificada como Estefani Vit\u00f3ria dos Santos Ferreira, de 20 anos; pol\u00edcia investiga o caso. A jovem Estefani Vit\u00f3ria dos Santos Ferreira, de 20&hellip; <\/p>\n","protected":false},"author":6,"featured_media":313466,"comment_status":"closed","ping_status":"closed","sticky":false,"template":"","format":"standard","meta":{"sfsi_plus_gutenberg_text_before_share":"","sfsi_plus_gutenberg_show_text_before_share":"","sfsi_plus_gutenberg_icon_type":"","sfsi_plus_gutenberg_icon_alignemt":"","sfsi_plus_gutenburg_max_per_row":"","footnotes":""},"categories":[50,2,125],"tags":[],"class_list":["post-313465","post","type-post","status-publish","format-standard","has-post-thumbnail","hentry","category-destaque","category-geral","category-pernambuco"],"_links":{"self":[{"href":"https:\/\/www.caririemacao.com\/1\/wp-json\/wp\/v2\/posts\/313465","targetHints":{"allow":["GET"]}}],"collection":[{"href":"https:\/\/www.caririemacao.com\/1\/wp-json\/wp\/v2\/posts"}],"about":[{"href":"https:\/\/www.caririemacao.com\/1\/wp-json\/wp\/v2\/types\/post"}],"author":[{"embeddable":true,"href":"https:\/\/www.caririemacao.com\/1\/wp-json\/wp\/v2\/users\/6"}],"replies":[{"embeddable":true,"href":"https:\/\/www.caririemacao.com\/1\/wp-json\/wp\/v2\/comments?post=313465"}],"version-history":[{"count":1,"href":"https:\/\/www.caririemacao.com\/1\/wp-json\/wp\/v2\/posts\/313465\/revisions"}],"predecessor-version":[{"id":313467,"href":"https:\/\/www.caririemacao.com\/1\/wp-json\/wp\/v2\/posts\/313465\/revisions\/313467"}],"wp:featuredmedia":[{"embeddable":true,"href":"https:\/\/www.caririemacao.com\/1\/wp-json\/wp\/v2\/media\/313466"}],"wp:attachment":[{"href":"https:\/\/www.caririemacao.com\/1\/wp-json\/wp\/v2\/media?parent=313465"}],"wp:term":[{"taxonomy":"category","embeddable":true,"href":"https:\/\/www.caririemacao.com\/1\/wp-json\/wp\/v2\/categories?post=313465"},{"taxonomy":"post_tag","embeddable":true,"href":"https:\/\/www.caririemacao.com\/1\/wp-json\/wp\/v2\/tags?post=313465"}],"curies":[{"name":"wp","href":"https:\/\/api.w.org\/{rel}","templated":true}]}}