{"id":313468,"date":"2026-04-27T17:52:12","date_gmt":"2026-04-27T20:52:12","guid":{"rendered":"https:\/\/www.caririemacao.com\/1\/?p=313468"},"modified":"2026-04-27T17:52:12","modified_gmt":"2026-04-27T20:52:12","slug":"reuniao-entre-joao-azevedo-e-leo-bezerra-acontecera-em-breve-afirma-ex-governador-que-tambem-se-diz-disposto-a-receber-voto-de-cicero","status":"publish","type":"post","link":"https:\/\/www.caririemacao.com\/1\/2026\/04\/27\/reuniao-entre-joao-azevedo-e-leo-bezerra-acontecera-em-breve-afirma-ex-governador-que-tambem-se-diz-disposto-a-receber-voto-de-cicero\/","title":{"rendered":"Reuni\u00e3o entre Jo\u00e3o Azev\u00eado e Leo Bezerra acontecer\u00e1 em breve, afirma ex-governador, que tamb\u00e9m se diz disposto a receber voto de C\u00edcero"},"content":{"rendered":"<p data-start=\"0\" data-end=\"415\">O ex-governador Jo\u00e3o Azev\u00eado (PSB) garantiu que est\u00e1 com uma reuni\u00e3o agendada com o prefeito de Jo\u00e3o Pessoa, Leo Bezerra (PSB), para breve. Em entrevista concedida \u00e0 R\u00e1dio Correio FM nesta segunda-feira (27), o presidente estadual do PSB garantiu que o encontro entre os dois acontecer\u00e1. Aliado do presidente Lula na Para\u00edba, tamb\u00e9m afirmou que buscar\u00e1 trazer o presidente da Rep\u00fablica \u00e0 Para\u00edba durante a campanha.<\/p>\n<h2 data-section-id=\"1k3cbf6\" data-start=\"417\" data-end=\"443\">Reuni\u00e3o com Leo Bezerra<\/h2>\n<p data-start=\"445\" data-end=\"839\">Questionado acerca de um encontro entre ele e o prefeito Leo Bezerra, aguardado desde quando o chefe do Executivo da Capital ainda era vice-prefeito e foi destitu\u00eddo do comando do diret\u00f3rio da sigla na Capital, Jo\u00e3o garantiu que a conversa entre os dois, que ficou estabelecida por Azev\u00eado que ocorreria quando o correligion\u00e1rio passasse a governar a cidade, j\u00e1 tem prazo definido para ocorrer.<\/p>\n<p data-start=\"841\" data-end=\"1610\">\u201cCom rela\u00e7\u00e3o a C\u00edcero, a \u00faltima vez que eu conversei com ele e tratei de pol\u00edtica foi quando ele veio me anunciar que iria concorrer ao governo. Com rela\u00e7\u00e3o a Leo, n\u00e3o houve quebra da linha de contato. Eu tenho mantido diversas vezes trocas de mensagens com ele, tenho um respeito pelo atual prefeito Leo em fun\u00e7\u00e3o exatamente da nossa rela\u00e7\u00e3o partid\u00e1ria. Ele \u00e9 do meu partido, ele \u00e9 do PSB. Temos mantido, sim, contato diversas vezes e disse a ele, j\u00e1 disse tamb\u00e9m publicamente tempos atr\u00e1s, que ir\u00edamos conversar quando ele fosse prefeito, porque enquanto vice-prefeito a decis\u00e3o de grandes coisas n\u00e3o era dele, era do prefeito. Ele hoje est\u00e1 sentado na cadeira e a gente tem agendado para brevemente sentar com ele numa conversa muito clara\u201d, afirmou o ex-governador.<\/p>\n<h2 data-section-id=\"1lqiznr\" data-start=\"1612\" data-end=\"1647\">Apoio pol\u00edtico e pr\u00e9-candidatura<\/h2>\n<p data-start=\"1649\" data-end=\"1994\">Segundo o pr\u00e9-candidato ao Senado Federal, ele n\u00e3o v\u00ea estranheza alguma em qualquer declara\u00e7\u00e3o que venha a ser feita por Leo Bezerra de que apoiar\u00e1 o seu nome para a disputa ao Legislativo. Segundo Jo\u00e3o, qualquer declara\u00e7\u00e3o de apoio da parte do prefeito da Capital seria natural diante da rela\u00e7\u00e3o que ambos constru\u00edram ao longo dos \u00faltimos anos.<\/p>\n<h2 data-section-id=\"eki5sg\" data-start=\"1996\" data-end=\"2024\">Rela\u00e7\u00e3o com C\u00edcero Lucena<\/h2>\n<p data-start=\"2026\" data-end=\"2396\">Questionado sobre uma eventual conversa com o ex-prefeito C\u00edcero Lucena (MDB), que compunha a base do seu governo at\u00e9 decidir desfiliar-se do Progressistas para disputar o governo estadual em oposi\u00e7\u00e3o \u00e0 figura do, \u00e0 \u00e9poca, vice-governador Lucas Ribeiro, Azev\u00eado confirmou ver dificuldades em uma conversa entre ambos em um futuro recente para tratar de apoios pol\u00edticos.<\/p>\n<p data-start=\"2398\" data-end=\"2752\">Jo\u00e3o tamb\u00e9m garantiu que em momento algum recha\u00e7ou o apoio ou o voto do ex-prefeito para o seu nome ao Senado. Segundo Azev\u00eado, o que ele afirmou ter dito diretamente a C\u00edcero foi que via como uma miss\u00e3o muito dif\u00edcil que o ex-aliado declarasse voto para ele enquanto estaria em uma chapa com dois candidatos disputando o mesmo cargo que o ex-governador.<\/p>\n<p data-start=\"2754\" data-end=\"3118\" data-is-last-node=\"\" data-is-only-node=\"\">\u201cEu disse a ele, e n\u00e3o foi a ningu\u00e9m, que talvez ele ficasse numa condu\u00e7\u00e3o dif\u00edcil de estar num palanque, numa chapa com dois candidatos ao Senado. Ele pediria voto para ele, para dois candidatos do agrupamento pol\u00edtico dele e para um terceiro candidato ao Senado. Isso \u00e9 uma obviedade. Agora, se ele vai conseguir fazer isso, \u00f3timo, estou \u00e0 disposi\u00e7\u00e3o\u201d, concluiu.<\/p>\n<p data-start=\"2754\" data-end=\"3118\" data-is-last-node=\"\" data-is-only-node=\"\">\n<p data-start=\"2754\" data-end=\"3118\" data-is-last-node=\"\" data-is-only-node=\"\">WSCOM<\/p>\n","protected":false},"excerpt":{"rendered":"<p>O ex-governador Jo\u00e3o Azev\u00eado (PSB) garantiu que est\u00e1 com uma reuni\u00e3o agendada com o prefeito de Jo\u00e3o Pessoa, Leo Bezerra (PSB), para breve. Em entrevista&hellip; <\/p>\n","protected":false},"author":6,"featured_media":313469,"comment_status":"closed","ping_status":"closed","sticky":false,"template":"","format":"standard","meta":{"sfsi_plus_gutenberg_text_before_share":"","sfsi_plus_gutenberg_show_text_before_share":"","sfsi_plus_gutenberg_icon_type":"","sfsi_plus_gutenberg_icon_alignemt":"","sfsi_plus_gutenburg_max_per_row":"","footnotes":""},"categories":[50,2,104,11],"tags":[],"class_list":["post-313468","post","type-post","status-publish","format-standard","has-post-thumbnail","hentry","category-destaque","category-geral","category-paraiba","category-politica"],"_links":{"self":[{"href":"https:\/\/www.caririemacao.com\/1\/wp-json\/wp\/v2\/posts\/313468","targetHints":{"allow":["GET"]}}],"collection":[{"href":"https:\/\/www.caririemacao.com\/1\/wp-json\/wp\/v2\/posts"}],"about":[{"href":"https:\/\/www.caririemacao.com\/1\/wp-json\/wp\/v2\/types\/post"}],"author":[{"embeddable":true,"href":"https:\/\/www.caririemacao.com\/1\/wp-json\/wp\/v2\/users\/6"}],"replies":[{"embeddable":true,"href":"https:\/\/www.caririemacao.com\/1\/wp-json\/wp\/v2\/comments?post=313468"}],"version-history":[{"count":1,"href":"https:\/\/www.caririemacao.com\/1\/wp-json\/wp\/v2\/posts\/313468\/revisions"}],"predecessor-version":[{"id":313470,"href":"https:\/\/www.caririemacao.com\/1\/wp-json\/wp\/v2\/posts\/313468\/revisions\/313470"}],"wp:featuredmedia":[{"embeddable":true,"href":"https:\/\/www.caririemacao.com\/1\/wp-json\/wp\/v2\/media\/313469"}],"wp:attachment":[{"href":"https:\/\/www.caririemacao.com\/1\/wp-json\/wp\/v2\/media?parent=313468"}],"wp:term":[{"taxonomy":"category","embeddable":true,"href":"https:\/\/www.caririemacao.com\/1\/wp-json\/wp\/v2\/categories?post=313468"},{"taxonomy":"post_tag","embeddable":true,"href":"https:\/\/www.caririemacao.com\/1\/wp-json\/wp\/v2\/tags?post=313468"}],"curies":[{"name":"wp","href":"https:\/\/api.w.org\/{rel}","templated":true}]}}