{"id":313472,"date":"2026-04-27T21:31:34","date_gmt":"2026-04-28T00:31:34","guid":{"rendered":"https:\/\/www.caririemacao.com\/1\/?p=313472"},"modified":"2026-04-27T22:19:58","modified_gmt":"2026-04-28T01:19:58","slug":"vereador-davi-de-castro-de-caracuru-participa-da-marcha-dos-gestores-e-legislativos-municipais-em-brasilia","status":"publish","type":"post","link":"https:\/\/www.caririemacao.com\/1\/2026\/04\/27\/vereador-davi-de-castro-de-caracuru-participa-da-marcha-dos-gestores-e-legislativos-municipais-em-brasilia\/","title":{"rendered":"Vereador Davi de Castro, de Paracuru, participa da Marcha dos Gestores e Legislativos Municipais em Bras\u00edlia"},"content":{"rendered":"<p data-start=\"119\" data-end=\"417\">O vereador Davi de Castro, do munic\u00edpio de Paracuru, no Cear\u00e1, est\u00e1 participando da Marcha dos Gestores e Legislativos Municipais, realizada em Bras\u00edlia (DF), reunindo parlamentares de diversas regi\u00f5es do pa\u00eds em um dos maiores eventos voltados ao fortalecimento do Poder Legislativo Municipal.<\/p>\n<p data-start=\"419\" data-end=\"731\">A Marcha \u00e9 promovida com o objetivo de capacitar vereadores, promover a troca de experi\u00eancias e fortalecer a atua\u00e7\u00e3o parlamentar, por meio de palestras, debates e pain\u00e9is sobre temas importantes para o exerc\u00edcio do mandato, como processo legislativo, pol\u00edticas p\u00fablicas, comunica\u00e7\u00e3o e inova\u00e7\u00e3o na gest\u00e3o p\u00fablica.<\/p>\n<p data-start=\"733\" data-end=\"920\">Durante a programa\u00e7\u00e3o, Davi de Castro acompanha discuss\u00f5es voltadas \u00e0 melhoria dos servi\u00e7os p\u00fablicos e \u00e0 busca por solu\u00e7\u00f5es que possam ser aplicadas em benef\u00edcio da popula\u00e7\u00e3o de Caracuru.<\/p>\n<p data-start=\"922\" data-end=\"1272\">O vereador destacou a import\u00e2ncia da participa\u00e7\u00e3o no evento. \u201cEstar presente na Marcha \u00e9 uma oportunidade de aprendizado e crescimento. Aqui temos acesso a informa\u00e7\u00f5es, experi\u00eancias e orienta\u00e7\u00f5es que contribuem diretamente para o fortalecimento do nosso mandato e para a constru\u00e7\u00e3o de pol\u00edticas p\u00fablicas mais eficientes para a nossa cidade\u201d, afirmou.<\/p>\n<p data-start=\"922\" data-end=\"1272\"><strong>CARIRI EM A\u00c7\u00c3O<\/strong><\/p>\n","protected":false},"excerpt":{"rendered":"<p>O vereador Davi de Castro, do munic\u00edpio de Paracuru, no Cear\u00e1, est\u00e1 participando da Marcha dos Gestores e Legislativos Municipais, realizada em Bras\u00edlia (DF), reunindo&hellip; <\/p>\n","protected":false},"author":6,"featured_media":313473,"comment_status":"closed","ping_status":"closed","sticky":false,"template":"","format":"standard","meta":{"sfsi_plus_gutenberg_text_before_share":"","sfsi_plus_gutenberg_show_text_before_share":"","sfsi_plus_gutenberg_icon_type":"","sfsi_plus_gutenberg_icon_alignemt":"","sfsi_plus_gutenburg_max_per_row":"","footnotes":""},"categories":[50,2,104],"tags":[],"class_list":["post-313472","post","type-post","status-publish","format-standard","has-post-thumbnail","hentry","category-destaque","category-geral","category-paraiba"],"_links":{"self":[{"href":"https:\/\/www.caririemacao.com\/1\/wp-json\/wp\/v2\/posts\/313472","targetHints":{"allow":["GET"]}}],"collection":[{"href":"https:\/\/www.caririemacao.com\/1\/wp-json\/wp\/v2\/posts"}],"about":[{"href":"https:\/\/www.caririemacao.com\/1\/wp-json\/wp\/v2\/types\/post"}],"author":[{"embeddable":true,"href":"https:\/\/www.caririemacao.com\/1\/wp-json\/wp\/v2\/users\/6"}],"replies":[{"embeddable":true,"href":"https:\/\/www.caririemacao.com\/1\/wp-json\/wp\/v2\/comments?post=313472"}],"version-history":[{"count":2,"href":"https:\/\/www.caririemacao.com\/1\/wp-json\/wp\/v2\/posts\/313472\/revisions"}],"predecessor-version":[{"id":313502,"href":"https:\/\/www.caririemacao.com\/1\/wp-json\/wp\/v2\/posts\/313472\/revisions\/313502"}],"wp:featuredmedia":[{"embeddable":true,"href":"https:\/\/www.caririemacao.com\/1\/wp-json\/wp\/v2\/media\/313473"}],"wp:attachment":[{"href":"https:\/\/www.caririemacao.com\/1\/wp-json\/wp\/v2\/media?parent=313472"}],"wp:term":[{"taxonomy":"category","embeddable":true,"href":"https:\/\/www.caririemacao.com\/1\/wp-json\/wp\/v2\/categories?post=313472"},{"taxonomy":"post_tag","embeddable":true,"href":"https:\/\/www.caririemacao.com\/1\/wp-json\/wp\/v2\/tags?post=313472"}],"curies":[{"name":"wp","href":"https:\/\/api.w.org\/{rel}","templated":true}]}}