{"id":313475,"date":"2026-04-27T21:38:57","date_gmt":"2026-04-28T00:38:57","guid":{"rendered":"https:\/\/www.caririemacao.com\/1\/?p=313475"},"modified":"2026-04-27T22:02:07","modified_gmt":"2026-04-28T01:02:07","slug":"vereador-gilmar-meireles-integra-a-marcha-dos-legislativos-municipais-em-brasilia-e-ressalta-aperfeicoamento-do-mandato-parlamentar","status":"publish","type":"post","link":"https:\/\/www.caririemacao.com\/1\/2026\/04\/27\/vereador-gilmar-meireles-integra-a-marcha-dos-legislativos-municipais-em-brasilia-e-ressalta-aperfeicoamento-do-mandato-parlamentar\/","title":{"rendered":"Vereador Gilmar Meireles integra a Marcha dos Legislativos Municipais em Bras\u00edlia e ressalta aperfei\u00e7oamento do mandato parlamentar"},"content":{"rendered":"<p data-start=\"101\" data-end=\"375\">O vereador de S\u00e3o Roque do Cana\u00e3, Gilmar Meireles, est\u00e1 em Bras\u00edlia refor\u00e7ando seu compromisso com o trabalho legislativo e a busca por melhorias para a popula\u00e7\u00e3o. A participa\u00e7\u00e3o no evento fortalece o di\u00e1logo e contribui para o avan\u00e7o de pol\u00edticas p\u00fablicas no munic\u00edpio.<\/p>\n<p data-start=\"377\" data-end=\"655\">Direto da capital federal, o Cariri em A\u00e7\u00e3o acompanha a abertura da Marcha dos Vereadores, que re\u00fane representantes de todo o Brasil. O primeiro dia \u00e9 marcado por credenciamento, in\u00edcio das atividades e debates sobre pol\u00edticas p\u00fablicas e fortalecimento do Legislativo municipal.<\/p>\n<p data-start=\"657\" data-end=\"1012\">O vereador Gilmar Meireles destacou a import\u00e2ncia de participar do evento. \u201cEstar aqui em Bras\u00edlia, ao lado de vereadores de todo o pa\u00eds, \u00e9 uma oportunidade de aprendizado, troca de experi\u00eancias e fortalecimento do nosso mandato. Seguimos firmes, buscando conhecimento e alternativas que possam trazer melhorias concretas para a nossa popula\u00e7\u00e3o\u201d, afirmou.<\/p>\n<p data-start=\"1014\" data-end=\"1234\" data-is-last-node=\"\" data-is-only-node=\"\">A Marcha \u00e9 considerada um dos maiores encontros de legislativos municipais da Am\u00e9rica Latina, reunindo parlamentares em torno de debates que visam aprimorar a atua\u00e7\u00e3o pol\u00edtica e administrativa nos munic\u00edpios brasileiros.<\/p>\n<p data-start=\"1014\" data-end=\"1234\" data-is-last-node=\"\" data-is-only-node=\"\">\n<p data-start=\"1014\" data-end=\"1234\" data-is-last-node=\"\" data-is-only-node=\"\"><strong>CARIRI EM A\u00c7\u00c3O<\/strong><\/p>\n","protected":false},"excerpt":{"rendered":"<p>O vereador de S\u00e3o Roque do Cana\u00e3, Gilmar Meireles, est\u00e1 em Bras\u00edlia refor\u00e7ando seu compromisso com o trabalho legislativo e a busca por melhorias para&hellip; <\/p>\n","protected":false},"author":6,"featured_media":313476,"comment_status":"closed","ping_status":"closed","sticky":false,"template":"","format":"standard","meta":{"sfsi_plus_gutenberg_text_before_share":"","sfsi_plus_gutenberg_show_text_before_share":"","sfsi_plus_gutenberg_icon_type":"","sfsi_plus_gutenberg_icon_alignemt":"","sfsi_plus_gutenburg_max_per_row":"","footnotes":""},"categories":[123,50,2],"tags":[],"class_list":["post-313475","post","type-post","status-publish","format-standard","has-post-thumbnail","hentry","category-brasil","category-destaque","category-geral"],"_links":{"self":[{"href":"https:\/\/www.caririemacao.com\/1\/wp-json\/wp\/v2\/posts\/313475","targetHints":{"allow":["GET"]}}],"collection":[{"href":"https:\/\/www.caririemacao.com\/1\/wp-json\/wp\/v2\/posts"}],"about":[{"href":"https:\/\/www.caririemacao.com\/1\/wp-json\/wp\/v2\/types\/post"}],"author":[{"embeddable":true,"href":"https:\/\/www.caririemacao.com\/1\/wp-json\/wp\/v2\/users\/6"}],"replies":[{"embeddable":true,"href":"https:\/\/www.caririemacao.com\/1\/wp-json\/wp\/v2\/comments?post=313475"}],"version-history":[{"count":2,"href":"https:\/\/www.caririemacao.com\/1\/wp-json\/wp\/v2\/posts\/313475\/revisions"}],"predecessor-version":[{"id":313501,"href":"https:\/\/www.caririemacao.com\/1\/wp-json\/wp\/v2\/posts\/313475\/revisions\/313501"}],"wp:featuredmedia":[{"embeddable":true,"href":"https:\/\/www.caririemacao.com\/1\/wp-json\/wp\/v2\/media\/313476"}],"wp:attachment":[{"href":"https:\/\/www.caririemacao.com\/1\/wp-json\/wp\/v2\/media?parent=313475"}],"wp:term":[{"taxonomy":"category","embeddable":true,"href":"https:\/\/www.caririemacao.com\/1\/wp-json\/wp\/v2\/categories?post=313475"},{"taxonomy":"post_tag","embeddable":true,"href":"https:\/\/www.caririemacao.com\/1\/wp-json\/wp\/v2\/tags?post=313475"}],"curies":[{"name":"wp","href":"https:\/\/api.w.org\/{rel}","templated":true}]}}