{"id":313478,"date":"2026-04-27T21:43:35","date_gmt":"2026-04-28T00:43:35","guid":{"rendered":"https:\/\/www.caririemacao.com\/1\/?p=313478"},"modified":"2026-04-27T21:43:35","modified_gmt":"2026-04-28T00:43:35","slug":"cariri-em-acao-marca-presenca-na-marcha-dos-vereadores-em-brasilia","status":"publish","type":"post","link":"https:\/\/www.caririemacao.com\/1\/2026\/04\/27\/cariri-em-acao-marca-presenca-na-marcha-dos-vereadores-em-brasilia\/","title":{"rendered":"Cariri em A\u00e7\u00e3o marca presen\u00e7a na Marcha dos Vereadores em Bras\u00edlia"},"content":{"rendered":"<p data-start=\"72\" data-end=\"428\">O portal Cariri em A\u00e7\u00e3o est\u00e1 acompanhando de perto a realiza\u00e7\u00e3o da Marcha dos Vereadores, em Bras\u00edlia (DF), um dos maiores encontros de legislativos municipais da Am\u00e9rica Latina. O evento re\u00fane parlamentares de diversas regi\u00f5es do pa\u00eds, promovendo debates, capacita\u00e7\u00f5es e troca de experi\u00eancias voltadas ao fortalecimento do Poder Legislativo Municipal.<\/p>\n<p data-start=\"430\" data-end=\"761\">Durante a programa\u00e7\u00e3o, o Cariri em A\u00e7\u00e3o realiza a cobertura dos principais momentos da Marcha, destacando a participa\u00e7\u00e3o de vereadores, lideran\u00e7as pol\u00edticas e representantes municipais, al\u00e9m de registrar as discuss\u00f5es sobre temas importantes como pol\u00edticas p\u00fablicas, comunica\u00e7\u00e3o no mandato, inova\u00e7\u00e3o e desenvolvimento regional.<\/p>\n<p data-start=\"763\" data-end=\"1196\">O CEO do Cariri em A\u00e7\u00e3o, Marivaldo Alc\u00e2ntara, destacou a import\u00e2ncia da presen\u00e7a do portal no evento.<\/p>\n<p data-start=\"763\" data-end=\"1196\">\u201cEstar na Marcha dos Vereadores \u00e9 fundamental para levar informa\u00e7\u00e3o de qualidade \u00e0 popula\u00e7\u00e3o e dar visibilidade ao trabalho dos parlamentares, especialmente da nossa regi\u00e3o. O Cariri em A\u00e7\u00e3o cumpre o seu papel de informar, registrar e aproximar o p\u00fablico das decis\u00f5es e debates que impactam diretamente os munic\u00edpios\u201d, afirmou.<\/p>\n<p data-start=\"763\" data-end=\"1196\">\n<p data-start=\"763\" data-end=\"1196\"><strong>CARIRI EM A\u00c7\u00c3O<\/strong><\/p>\n","protected":false},"excerpt":{"rendered":"<p>O portal Cariri em A\u00e7\u00e3o est\u00e1 acompanhando de perto a realiza\u00e7\u00e3o da Marcha dos Vereadores, em Bras\u00edlia (DF), um dos maiores encontros de legislativos municipais&hellip; <\/p>\n","protected":false},"author":6,"featured_media":313479,"comment_status":"closed","ping_status":"closed","sticky":false,"template":"","format":"standard","meta":{"sfsi_plus_gutenberg_text_before_share":"","sfsi_plus_gutenberg_show_text_before_share":"","sfsi_plus_gutenberg_icon_type":"","sfsi_plus_gutenberg_icon_alignemt":"","sfsi_plus_gutenburg_max_per_row":"","footnotes":""},"categories":[123,50,2],"tags":[],"class_list":["post-313478","post","type-post","status-publish","format-standard","has-post-thumbnail","hentry","category-brasil","category-destaque","category-geral"],"_links":{"self":[{"href":"https:\/\/www.caririemacao.com\/1\/wp-json\/wp\/v2\/posts\/313478","targetHints":{"allow":["GET"]}}],"collection":[{"href":"https:\/\/www.caririemacao.com\/1\/wp-json\/wp\/v2\/posts"}],"about":[{"href":"https:\/\/www.caririemacao.com\/1\/wp-json\/wp\/v2\/types\/post"}],"author":[{"embeddable":true,"href":"https:\/\/www.caririemacao.com\/1\/wp-json\/wp\/v2\/users\/6"}],"replies":[{"embeddable":true,"href":"https:\/\/www.caririemacao.com\/1\/wp-json\/wp\/v2\/comments?post=313478"}],"version-history":[{"count":1,"href":"https:\/\/www.caririemacao.com\/1\/wp-json\/wp\/v2\/posts\/313478\/revisions"}],"predecessor-version":[{"id":313480,"href":"https:\/\/www.caririemacao.com\/1\/wp-json\/wp\/v2\/posts\/313478\/revisions\/313480"}],"wp:featuredmedia":[{"embeddable":true,"href":"https:\/\/www.caririemacao.com\/1\/wp-json\/wp\/v2\/media\/313479"}],"wp:attachment":[{"href":"https:\/\/www.caririemacao.com\/1\/wp-json\/wp\/v2\/media?parent=313478"}],"wp:term":[{"taxonomy":"category","embeddable":true,"href":"https:\/\/www.caririemacao.com\/1\/wp-json\/wp\/v2\/categories?post=313478"},{"taxonomy":"post_tag","embeddable":true,"href":"https:\/\/www.caririemacao.com\/1\/wp-json\/wp\/v2\/tags?post=313478"}],"curies":[{"name":"wp","href":"https:\/\/api.w.org\/{rel}","templated":true}]}}