{"id":313481,"date":"2026-04-27T21:46:09","date_gmt":"2026-04-28T00:46:09","guid":{"rendered":"https:\/\/www.caririemacao.com\/1\/?p=313481"},"modified":"2026-04-27T21:46:09","modified_gmt":"2026-04-28T00:46:09","slug":"presidente-da-camara-de-baia-da-traicao-ronaldo-participa-da-marcha-dos-gestores-e-legislativos-municipais-em-brasilia","status":"publish","type":"post","link":"https:\/\/www.caririemacao.com\/1\/2026\/04\/27\/presidente-da-camara-de-baia-da-traicao-ronaldo-participa-da-marcha-dos-gestores-e-legislativos-municipais-em-brasilia\/","title":{"rendered":"Presidente da C\u00e2mara de Ba\u00eda da Trai\u00e7\u00e3o, Ronaldo, participa da Marcha dos Gestores e Legislativos Municipais em Bras\u00edlia"},"content":{"rendered":"<p data-start=\"116\" data-end=\"410\">O presidente da C\u00e2mara Municipal de Ba\u00eda da Trai\u00e7\u00e3o, Ronaldo, est\u00e1 participando da Marcha dos Gestores e Legislativos Municipais, realizada em Bras\u00edlia (DF), reunindo vereadores e lideran\u00e7as de todo o pa\u00eds em um dos maiores eventos voltados ao fortalecimento do Poder Legislativo Municipal.<\/p>\n<p data-start=\"412\" data-end=\"668\">O Cariri em A\u00e7\u00e3o acompanha a participa\u00e7\u00e3o dos parlamentares durante a programa\u00e7\u00e3o, que conta com palestras, debates e pain\u00e9is sobre temas importantes como processo legislativo, pol\u00edticas p\u00fablicas, comunica\u00e7\u00e3o institucional e inova\u00e7\u00e3o na gest\u00e3o p\u00fablica.<\/p>\n<p data-start=\"670\" data-end=\"1021\">Durante o evento, o presidente Ronaldo destacou a import\u00e2ncia da presen\u00e7a no encontro nacional. \u201cParticipar da Marcha \u00e9 fundamental para buscar conhecimento, trocar experi\u00eancias e fortalecer o nosso mandato. Estamos aqui representando Ba\u00eda da Trai\u00e7\u00e3o com responsabilidade, sempre em busca de melhorias e oportunidades para a nossa popula\u00e7\u00e3o\u201d, afirmou.<\/p>\n<p data-start=\"1023\" data-end=\"1195\">A Marcha \u00e9 considerada um espa\u00e7o estrat\u00e9gico para capacita\u00e7\u00e3o dos parlamentares e articula\u00e7\u00e3o institucional, contribuindo diretamente para o desenvolvimento dos munic\u00edpios.<\/p>\n<p data-start=\"1023\" data-end=\"1195\"><strong>CARIRI EM A\u00c7\u00c3O<\/strong><\/p>\n","protected":false},"excerpt":{"rendered":"<p>O presidente da C\u00e2mara Municipal de Ba\u00eda da Trai\u00e7\u00e3o, Ronaldo, est\u00e1 participando da Marcha dos Gestores e Legislativos Municipais, realizada em Bras\u00edlia (DF), reunindo vereadores&hellip; <\/p>\n","protected":false},"author":6,"featured_media":313482,"comment_status":"closed","ping_status":"closed","sticky":false,"template":"","format":"standard","meta":{"sfsi_plus_gutenberg_text_before_share":"","sfsi_plus_gutenberg_show_text_before_share":"","sfsi_plus_gutenberg_icon_type":"","sfsi_plus_gutenberg_icon_alignemt":"","sfsi_plus_gutenburg_max_per_row":"","footnotes":""},"categories":[50,2,104],"tags":[],"class_list":["post-313481","post","type-post","status-publish","format-standard","has-post-thumbnail","hentry","category-destaque","category-geral","category-paraiba"],"_links":{"self":[{"href":"https:\/\/www.caririemacao.com\/1\/wp-json\/wp\/v2\/posts\/313481","targetHints":{"allow":["GET"]}}],"collection":[{"href":"https:\/\/www.caririemacao.com\/1\/wp-json\/wp\/v2\/posts"}],"about":[{"href":"https:\/\/www.caririemacao.com\/1\/wp-json\/wp\/v2\/types\/post"}],"author":[{"embeddable":true,"href":"https:\/\/www.caririemacao.com\/1\/wp-json\/wp\/v2\/users\/6"}],"replies":[{"embeddable":true,"href":"https:\/\/www.caririemacao.com\/1\/wp-json\/wp\/v2\/comments?post=313481"}],"version-history":[{"count":2,"href":"https:\/\/www.caririemacao.com\/1\/wp-json\/wp\/v2\/posts\/313481\/revisions"}],"predecessor-version":[{"id":313484,"href":"https:\/\/www.caririemacao.com\/1\/wp-json\/wp\/v2\/posts\/313481\/revisions\/313484"}],"wp:featuredmedia":[{"embeddable":true,"href":"https:\/\/www.caririemacao.com\/1\/wp-json\/wp\/v2\/media\/313482"}],"wp:attachment":[{"href":"https:\/\/www.caririemacao.com\/1\/wp-json\/wp\/v2\/media?parent=313481"}],"wp:term":[{"taxonomy":"category","embeddable":true,"href":"https:\/\/www.caririemacao.com\/1\/wp-json\/wp\/v2\/categories?post=313481"},{"taxonomy":"post_tag","embeddable":true,"href":"https:\/\/www.caririemacao.com\/1\/wp-json\/wp\/v2\/tags?post=313481"}],"curies":[{"name":"wp","href":"https:\/\/api.w.org\/{rel}","templated":true}]}}