{"id":313485,"date":"2026-04-27T21:48:07","date_gmt":"2026-04-28T00:48:07","guid":{"rendered":"https:\/\/www.caririemacao.com\/1\/?p=313485"},"modified":"2026-04-27T22:01:01","modified_gmt":"2026-04-28T01:01:01","slug":"vereadores-do-congo-na-marcha-dos-gestores-e-legislativos-municipais-em-brasilia-em-busca-de-melhorias-para-o-municipio","status":"publish","type":"post","link":"https:\/\/www.caririemacao.com\/1\/2026\/04\/27\/vereadores-do-congo-na-marcha-dos-gestores-e-legislativos-municipais-em-brasilia-em-busca-de-melhorias-para-o-municipio\/","title":{"rendered":"Vereadores do Congo na Marcha dos Gestores e Legislativos Municipais em Bras\u00edlia em busca de melhorias para o munic\u00edpio"},"content":{"rendered":"<p data-start=\"97\" data-end=\"374\">Os vereadores do munic\u00edpio do Congo, no Cariri paraibano, est\u00e3o participando da Marcha dos Gestores e Legislativos Municipais, realizada em Bras\u00edlia (DF), reunindo parlamentares de todo o pa\u00eds em um dos maiores eventos voltados ao fortalecimento do Poder Legislativo Municipal.<\/p>\n<p data-start=\"376\" data-end=\"546\">A comitiva conta com a presen\u00e7a do presidente da C\u00e2mara, Juc\u00e9lio, al\u00e9m dos vereadores Adelson e Mi de Zeca, que representam o munic\u00edpio durante a programa\u00e7\u00e3o.<\/p>\n<p data-start=\"548\" data-end=\"802\">O Cariri em A\u00e7\u00e3o acompanha a participa\u00e7\u00e3o dos parlamentares, registrando os principais momentos do evento, que conta com palestras, debates e pain\u00e9is sobre temas como processo legislativo, pol\u00edticas p\u00fablicas, comunica\u00e7\u00e3o e inova\u00e7\u00e3o na gest\u00e3o p\u00fablica.<\/p>\n<p data-start=\"804\" data-end=\"971\">Durante a Marcha, os vereadores participam de atividades voltadas \u00e0 qualifica\u00e7\u00e3o dos mandatos e \u00e0 troca de experi\u00eancias com representantes de diversas regi\u00f5es do pa\u00eds.<\/p>\n<p data-start=\"973\" data-end=\"1295\">O presidente da C\u00e2mara, Juc\u00e9lio, destacou a import\u00e2ncia da participa\u00e7\u00e3o no evento. \u201cEstar aqui \u00e9 uma oportunidade de aprender, trocar experi\u00eancias e buscar melhorias para o nosso munic\u00edpio. Seguimos firmes no compromisso de trabalhar pelo desenvolvimento do Congo e pela qualidade de vida da nossa popula\u00e7\u00e3o\u201d, afirmou.<\/p>\n<p data-start=\"973\" data-end=\"1295\">\n<p data-start=\"973\" data-end=\"1295\"><strong>CARIRI EM A\u00c7\u00c3O<\/strong><\/p>\n","protected":false},"excerpt":{"rendered":"<p>Os vereadores do munic\u00edpio do Congo, no Cariri paraibano, est\u00e3o participando da Marcha dos Gestores e Legislativos Municipais, realizada em Bras\u00edlia (DF), reunindo parlamentares de&hellip; <\/p>\n","protected":false},"author":6,"featured_media":313486,"comment_status":"closed","ping_status":"closed","sticky":false,"template":"","format":"standard","meta":{"sfsi_plus_gutenberg_text_before_share":"","sfsi_plus_gutenberg_show_text_before_share":"","sfsi_plus_gutenberg_icon_type":"","sfsi_plus_gutenberg_icon_alignemt":"","sfsi_plus_gutenburg_max_per_row":"","footnotes":""},"categories":[74,50,2],"tags":[],"class_list":["post-313485","post","type-post","status-publish","format-standard","has-post-thumbnail","hentry","category-congo","category-destaque","category-geral"],"_links":{"self":[{"href":"https:\/\/www.caririemacao.com\/1\/wp-json\/wp\/v2\/posts\/313485","targetHints":{"allow":["GET"]}}],"collection":[{"href":"https:\/\/www.caririemacao.com\/1\/wp-json\/wp\/v2\/posts"}],"about":[{"href":"https:\/\/www.caririemacao.com\/1\/wp-json\/wp\/v2\/types\/post"}],"author":[{"embeddable":true,"href":"https:\/\/www.caririemacao.com\/1\/wp-json\/wp\/v2\/users\/6"}],"replies":[{"embeddable":true,"href":"https:\/\/www.caririemacao.com\/1\/wp-json\/wp\/v2\/comments?post=313485"}],"version-history":[{"count":2,"href":"https:\/\/www.caririemacao.com\/1\/wp-json\/wp\/v2\/posts\/313485\/revisions"}],"predecessor-version":[{"id":313500,"href":"https:\/\/www.caririemacao.com\/1\/wp-json\/wp\/v2\/posts\/313485\/revisions\/313500"}],"wp:featuredmedia":[{"embeddable":true,"href":"https:\/\/www.caririemacao.com\/1\/wp-json\/wp\/v2\/media\/313486"}],"wp:attachment":[{"href":"https:\/\/www.caririemacao.com\/1\/wp-json\/wp\/v2\/media?parent=313485"}],"wp:term":[{"taxonomy":"category","embeddable":true,"href":"https:\/\/www.caririemacao.com\/1\/wp-json\/wp\/v2\/categories?post=313485"},{"taxonomy":"post_tag","embeddable":true,"href":"https:\/\/www.caririemacao.com\/1\/wp-json\/wp\/v2\/tags?post=313485"}],"curies":[{"name":"wp","href":"https:\/\/api.w.org\/{rel}","templated":true}]}}