{"id":313488,"date":"2026-04-27T21:51:43","date_gmt":"2026-04-28T00:51:43","guid":{"rendered":"https:\/\/www.caririemacao.com\/1\/?p=313488"},"modified":"2026-04-27T21:51:43","modified_gmt":"2026-04-28T00:51:43","slug":"presidente-da-fecam-pb-participa-da-marcha-dos-gestores-e-legislativos-municipais-em-brasilia","status":"publish","type":"post","link":"https:\/\/www.caririemacao.com\/1\/2026\/04\/27\/presidente-da-fecam-pb-participa-da-marcha-dos-gestores-e-legislativos-municipais-em-brasilia\/","title":{"rendered":"Presidente da FECAM-PB participa da Marcha dos Gestores e Legislativos Municipais em Bras\u00edlia"},"content":{"rendered":"<p data-start=\"99\" data-end=\"432\">O presidente da Federa\u00e7\u00e3o das C\u00e2maras Municipais da Para\u00edba (FECAM-PB), F\u00e9lix J\u00fanior, vereador e presidente da C\u00e2mara Municipal de Santa Luzia, est\u00e1 participando da Marcha dos Gestores e Legislativos Municipais, realizada em Bras\u00edlia (DF), um dos maiores eventos voltados ao fortalecimento do Poder Legislativo Municipal no pa\u00eds.<\/p>\n<p data-start=\"434\" data-end=\"682\">Durante a programa\u00e7\u00e3o, F\u00e9lix J\u00fanior esteve ao lado do presidente da Uni\u00e3o dos Vereadores do Brasil (UVB), Gilson Conzatti, refor\u00e7ando a articula\u00e7\u00e3o institucional e o di\u00e1logo em defesa do municipalismo e do fortalecimento das C\u00e2maras Municipais.<\/p>\n<p data-start=\"684\" data-end=\"935\">O Cariri em A\u00e7\u00e3o acompanha a participa\u00e7\u00e3o das lideran\u00e7as durante a Marcha, destacando os principais debates e encontros que envolvem representantes de todo o Brasil, em um ambiente de troca de experi\u00eancias e busca por melhorias para os munic\u00edpios.<\/p>\n<p data-start=\"937\" data-end=\"1335\">O presidente da FECAM-PB, F\u00e9lix J\u00fanior, destacou a import\u00e2ncia do evento para o fortalecimento do Legislativo.<\/p>\n<p data-start=\"937\" data-end=\"1335\">\u201cA Marcha \u00e9 um momento essencial para unir for\u00e7as, compartilhar experi\u00eancias e buscar avan\u00e7os para os munic\u00edpios. Estamos aqui representando a Para\u00edba com o compromisso de fortalecer cada vez mais as C\u00e2maras Municipais e contribuir com o desenvolvimento das nossas cidades\u201d, afirmou.<\/p>\n<p data-start=\"937\" data-end=\"1335\">\n<p data-start=\"937\" data-end=\"1335\"><strong>CARIRI EM A\u00c7\u00c3O<\/strong><\/p>\n","protected":false},"excerpt":{"rendered":"<p>O presidente da Federa\u00e7\u00e3o das C\u00e2maras Municipais da Para\u00edba (FECAM-PB), F\u00e9lix J\u00fanior, vereador e presidente da C\u00e2mara Municipal de Santa Luzia, est\u00e1 participando da Marcha&hellip; <\/p>\n","protected":false},"author":6,"featured_media":313489,"comment_status":"closed","ping_status":"closed","sticky":false,"template":"","format":"standard","meta":{"sfsi_plus_gutenberg_text_before_share":"","sfsi_plus_gutenberg_show_text_before_share":"","sfsi_plus_gutenberg_icon_type":"","sfsi_plus_gutenberg_icon_alignemt":"","sfsi_plus_gutenburg_max_per_row":"","footnotes":""},"categories":[50,2,104],"tags":[],"class_list":["post-313488","post","type-post","status-publish","format-standard","has-post-thumbnail","hentry","category-destaque","category-geral","category-paraiba"],"_links":{"self":[{"href":"https:\/\/www.caririemacao.com\/1\/wp-json\/wp\/v2\/posts\/313488","targetHints":{"allow":["GET"]}}],"collection":[{"href":"https:\/\/www.caririemacao.com\/1\/wp-json\/wp\/v2\/posts"}],"about":[{"href":"https:\/\/www.caririemacao.com\/1\/wp-json\/wp\/v2\/types\/post"}],"author":[{"embeddable":true,"href":"https:\/\/www.caririemacao.com\/1\/wp-json\/wp\/v2\/users\/6"}],"replies":[{"embeddable":true,"href":"https:\/\/www.caririemacao.com\/1\/wp-json\/wp\/v2\/comments?post=313488"}],"version-history":[{"count":1,"href":"https:\/\/www.caririemacao.com\/1\/wp-json\/wp\/v2\/posts\/313488\/revisions"}],"predecessor-version":[{"id":313490,"href":"https:\/\/www.caririemacao.com\/1\/wp-json\/wp\/v2\/posts\/313488\/revisions\/313490"}],"wp:featuredmedia":[{"embeddable":true,"href":"https:\/\/www.caririemacao.com\/1\/wp-json\/wp\/v2\/media\/313489"}],"wp:attachment":[{"href":"https:\/\/www.caririemacao.com\/1\/wp-json\/wp\/v2\/media?parent=313488"}],"wp:term":[{"taxonomy":"category","embeddable":true,"href":"https:\/\/www.caririemacao.com\/1\/wp-json\/wp\/v2\/categories?post=313488"},{"taxonomy":"post_tag","embeddable":true,"href":"https:\/\/www.caririemacao.com\/1\/wp-json\/wp\/v2\/tags?post=313488"}],"curies":[{"name":"wp","href":"https:\/\/api.w.org\/{rel}","templated":true}]}}