{"id":313491,"date":"2026-04-27T21:54:11","date_gmt":"2026-04-28T00:54:11","guid":{"rendered":"https:\/\/www.caririemacao.com\/1\/?p=313491"},"modified":"2026-04-27T21:54:11","modified_gmt":"2026-04-28T00:54:11","slug":"vereadores-de-caraubas-marcam-presenca-na-marcha-dos-legislativos-municipais-em-brasilia","status":"publish","type":"post","link":"https:\/\/www.caririemacao.com\/1\/2026\/04\/27\/vereadores-de-caraubas-marcam-presenca-na-marcha-dos-legislativos-municipais-em-brasilia\/","title":{"rendered":"Vereadores de Cara\u00fabas marcam presen\u00e7a na Marcha dos Legislativos Municipais em Bras\u00edlia"},"content":{"rendered":"<p data-start=\"94\" data-end=\"357\">Os vereadores do munic\u00edpio de Cara\u00fabas, no Cariri paraibano, est\u00e3o participando da Marcha dos Gestores e Legislativos Municipais, realizada em Bras\u00edlia (DF), evento que re\u00fane representantes de todo o pa\u00eds com foco no fortalecimento do Poder Legislativo Municipal.<\/p>\n<p data-start=\"359\" data-end=\"587\">A comitiva conta com a presen\u00e7a do presidente da C\u00e2mara, Pedro Correia, do vice-presidente Chico Cara\u00fabas, al\u00e9m dos vereadores Maur\u00edcio (Bugi), Agenor, Maria do Salgadinho, Neide, Nero e Nequinho.<\/p>\n<p data-start=\"589\" data-end=\"787\">Durante a programa\u00e7\u00e3o, os parlamentares participam de palestras, debates e atividades voltadas \u00e0 qualifica\u00e7\u00e3o dos mandatos e \u00e0 troca de experi\u00eancias com representantes de diversas regi\u00f5es do Brasil.<\/p>\n<p data-start=\"789\" data-end=\"1167\">O presidente da C\u00e2mara, Pedro Correia, destacou a import\u00e2ncia da participa\u00e7\u00e3o no evento. \u201cA Marcha \u00e9 uma oportunidade fundamental para adquirir conhecimento, trocar experi\u00eancias e buscar melhorias para o nosso munic\u00edpio. Estamos aqui representando Cara\u00fabas com responsabilidade, sempre pensando no desenvolvimento da nossa cidade e no bem-estar da nossa popula\u00e7\u00e3o\u201d, afirmou.<\/p>\n<p data-start=\"1169\" data-end=\"1430\" data-is-last-node=\"\" data-is-only-node=\"\">A participa\u00e7\u00e3o dos vereadores refor\u00e7a o compromisso do Legislativo de Cara\u00fabas com a busca por conhecimento, fortalecimento institucional e implementa\u00e7\u00e3o de a\u00e7\u00f5es que contribuam para o desenvolvimento do munic\u00edpio e a melhoria da qualidade de vida da popula\u00e7\u00e3o.<\/p>\n<p data-start=\"1169\" data-end=\"1430\" data-is-last-node=\"\" data-is-only-node=\"\">\n<p data-start=\"1169\" data-end=\"1430\" data-is-last-node=\"\" data-is-only-node=\"\"><strong>CARIRI EM A\u00c7\u00c3O<\/strong><\/p>\n","protected":false},"excerpt":{"rendered":"<p>Os vereadores do munic\u00edpio de Cara\u00fabas, no Cariri paraibano, est\u00e3o participando da Marcha dos Gestores e Legislativos Municipais, realizada em Bras\u00edlia (DF), evento que re\u00fane&hellip; <\/p>\n","protected":false},"author":6,"featured_media":313492,"comment_status":"closed","ping_status":"closed","sticky":false,"template":"","format":"standard","meta":{"sfsi_plus_gutenberg_text_before_share":"","sfsi_plus_gutenberg_show_text_before_share":"","sfsi_plus_gutenberg_icon_type":"","sfsi_plus_gutenberg_icon_alignemt":"","sfsi_plus_gutenburg_max_per_row":"","footnotes":""},"categories":[73,50,2],"tags":[],"class_list":["post-313491","post","type-post","status-publish","format-standard","has-post-thumbnail","hentry","category-caraubas","category-destaque","category-geral"],"_links":{"self":[{"href":"https:\/\/www.caririemacao.com\/1\/wp-json\/wp\/v2\/posts\/313491","targetHints":{"allow":["GET"]}}],"collection":[{"href":"https:\/\/www.caririemacao.com\/1\/wp-json\/wp\/v2\/posts"}],"about":[{"href":"https:\/\/www.caririemacao.com\/1\/wp-json\/wp\/v2\/types\/post"}],"author":[{"embeddable":true,"href":"https:\/\/www.caririemacao.com\/1\/wp-json\/wp\/v2\/users\/6"}],"replies":[{"embeddable":true,"href":"https:\/\/www.caririemacao.com\/1\/wp-json\/wp\/v2\/comments?post=313491"}],"version-history":[{"count":1,"href":"https:\/\/www.caririemacao.com\/1\/wp-json\/wp\/v2\/posts\/313491\/revisions"}],"predecessor-version":[{"id":313493,"href":"https:\/\/www.caririemacao.com\/1\/wp-json\/wp\/v2\/posts\/313491\/revisions\/313493"}],"wp:featuredmedia":[{"embeddable":true,"href":"https:\/\/www.caririemacao.com\/1\/wp-json\/wp\/v2\/media\/313492"}],"wp:attachment":[{"href":"https:\/\/www.caririemacao.com\/1\/wp-json\/wp\/v2\/media?parent=313491"}],"wp:term":[{"taxonomy":"category","embeddable":true,"href":"https:\/\/www.caririemacao.com\/1\/wp-json\/wp\/v2\/categories?post=313491"},{"taxonomy":"post_tag","embeddable":true,"href":"https:\/\/www.caririemacao.com\/1\/wp-json\/wp\/v2\/tags?post=313491"}],"curies":[{"name":"wp","href":"https:\/\/api.w.org\/{rel}","templated":true}]}}