{"id":313494,"date":"2026-04-27T21:56:06","date_gmt":"2026-04-28T00:56:06","guid":{"rendered":"https:\/\/www.caririemacao.com\/1\/?p=313494"},"modified":"2026-04-27T21:56:06","modified_gmt":"2026-04-28T00:56:06","slug":"vereadores-de-nova-palmeira-participam-da-marcha-dos-gestores-e-legislativos-municipais-em-brasilia","status":"publish","type":"post","link":"https:\/\/www.caririemacao.com\/1\/2026\/04\/27\/vereadores-de-nova-palmeira-participam-da-marcha-dos-gestores-e-legislativos-municipais-em-brasilia\/","title":{"rendered":"Vereadores de Nova Palmeira participam da Marcha dos Gestores e Legislativos Municipais em Bras\u00edlia"},"content":{"rendered":"<p data-start=\"105\" data-end=\"391\">Os vereadores do munic\u00edpio de Nova Palmeira, no Cariri paraibano, est\u00e3o participando da Marcha dos Gestores e Legislativos Municipais, realizada em Bras\u00edlia (DF), reunindo representantes de todo o pa\u00eds em um dos maiores eventos voltados ao fortalecimento do Poder Legislativo Municipal.<\/p>\n<p data-start=\"393\" data-end=\"561\">A comitiva conta com a presen\u00e7a do presidente da C\u00e2mara, Galeguinho, al\u00e9m dos vereadores Macin e Katinha, que representam o munic\u00edpio durante a programa\u00e7\u00e3o.<\/p>\n<p data-start=\"563\" data-end=\"817\">O Cariri em A\u00e7\u00e3o acompanha a participa\u00e7\u00e3o dos parlamentares, registrando os principais momentos do evento, que conta com palestras, debates e pain\u00e9is sobre temas como processo legislativo, pol\u00edticas p\u00fablicas, comunica\u00e7\u00e3o e inova\u00e7\u00e3o na gest\u00e3o p\u00fablica.<\/p>\n<p data-start=\"819\" data-end=\"986\">Durante a Marcha, os vereadores participam de atividades voltadas \u00e0 qualifica\u00e7\u00e3o dos mandatos e \u00e0 troca de experi\u00eancias com representantes de diversas regi\u00f5es do pa\u00eds.<\/p>\n<p data-start=\"988\" data-end=\"1309\">O presidente da C\u00e2mara, Galeguinho, destacou a import\u00e2ncia da participa\u00e7\u00e3o no evento. \u201cEstar aqui \u00e9 uma oportunidade de aprendizado e de troca de experi\u00eancias com vereadores de todo o Brasil. Seguimos firmes, buscando conhecimento e alternativas que possam trazer melhorias concretas para a nossa popula\u00e7\u00e3o\u201d, afirmou.<\/p>\n<p data-start=\"988\" data-end=\"1309\">\n<p data-start=\"988\" data-end=\"1309\"><strong>CARIRI EM A\u00c7\u00c3O<\/strong><\/p>\n","protected":false},"excerpt":{"rendered":"<p>Os vereadores do munic\u00edpio de Nova Palmeira, no Cariri paraibano, est\u00e3o participando da Marcha dos Gestores e Legislativos Municipais, realizada em Bras\u00edlia (DF), reunindo representantes&hellip; <\/p>\n","protected":false},"author":6,"featured_media":313495,"comment_status":"closed","ping_status":"closed","sticky":false,"template":"","format":"standard","meta":{"sfsi_plus_gutenberg_text_before_share":"","sfsi_plus_gutenberg_show_text_before_share":"","sfsi_plus_gutenberg_icon_type":"","sfsi_plus_gutenberg_icon_alignemt":"","sfsi_plus_gutenburg_max_per_row":"","footnotes":""},"categories":[50,2,104],"tags":[],"class_list":["post-313494","post","type-post","status-publish","format-standard","has-post-thumbnail","hentry","category-destaque","category-geral","category-paraiba"],"_links":{"self":[{"href":"https:\/\/www.caririemacao.com\/1\/wp-json\/wp\/v2\/posts\/313494","targetHints":{"allow":["GET"]}}],"collection":[{"href":"https:\/\/www.caririemacao.com\/1\/wp-json\/wp\/v2\/posts"}],"about":[{"href":"https:\/\/www.caririemacao.com\/1\/wp-json\/wp\/v2\/types\/post"}],"author":[{"embeddable":true,"href":"https:\/\/www.caririemacao.com\/1\/wp-json\/wp\/v2\/users\/6"}],"replies":[{"embeddable":true,"href":"https:\/\/www.caririemacao.com\/1\/wp-json\/wp\/v2\/comments?post=313494"}],"version-history":[{"count":1,"href":"https:\/\/www.caririemacao.com\/1\/wp-json\/wp\/v2\/posts\/313494\/revisions"}],"predecessor-version":[{"id":313496,"href":"https:\/\/www.caririemacao.com\/1\/wp-json\/wp\/v2\/posts\/313494\/revisions\/313496"}],"wp:featuredmedia":[{"embeddable":true,"href":"https:\/\/www.caririemacao.com\/1\/wp-json\/wp\/v2\/media\/313495"}],"wp:attachment":[{"href":"https:\/\/www.caririemacao.com\/1\/wp-json\/wp\/v2\/media?parent=313494"}],"wp:term":[{"taxonomy":"category","embeddable":true,"href":"https:\/\/www.caririemacao.com\/1\/wp-json\/wp\/v2\/categories?post=313494"},{"taxonomy":"post_tag","embeddable":true,"href":"https:\/\/www.caririemacao.com\/1\/wp-json\/wp\/v2\/tags?post=313494"}],"curies":[{"name":"wp","href":"https:\/\/api.w.org\/{rel}","templated":true}]}}