{"id":313497,"date":"2026-04-27T22:00:17","date_gmt":"2026-04-28T01:00:17","guid":{"rendered":"https:\/\/www.caririemacao.com\/1\/?p=313497"},"modified":"2026-04-27T22:00:17","modified_gmt":"2026-04-28T01:00:17","slug":"vereadores-de-monteiro-na-marcha-dos-gestores-e-legislativos-municipais-em-brasilia-reforcam-atuacao-legislativa","status":"publish","type":"post","link":"https:\/\/www.caririemacao.com\/1\/2026\/04\/27\/vereadores-de-monteiro-na-marcha-dos-gestores-e-legislativos-municipais-em-brasilia-reforcam-atuacao-legislativa\/","title":{"rendered":"Vereadores de Monteiro na Marcha dos Gestores e Legislativos Municipais em Bras\u00edlia refor\u00e7am atua\u00e7\u00e3o legislativa"},"content":{"rendered":"<p data-start=\"100\" data-end=\"380\">Os vereadores do munic\u00edpio de Monteiro, no Cariri paraibano, est\u00e3o participando da Marcha dos Gestores e Legislativos Municipais, realizada em Bras\u00edlia (DF), reunindo parlamentares de todo o pa\u00eds em um dos maiores eventos voltados ao fortalecimento do Poder Legislativo Municipal.<\/p>\n<p data-start=\"382\" data-end=\"620\">A comitiva de Monteiro \u00e9 formada pelos vereadores Raphael N\u00f3brega, Toinho, C\u00edcero Roberto, Nadege, Rosa Aleixo, Silva, Celecileno, Nem de J\u00falia e Bi\u00e3o, que representam o munic\u00edpio durante a programa\u00e7\u00e3o.<\/p>\n<p data-start=\"622\" data-end=\"876\">O Cariri em A\u00e7\u00e3o acompanha a participa\u00e7\u00e3o dos parlamentares, registrando os principais momentos do evento, que conta com palestras, debates e pain\u00e9is sobre temas como processo legislativo, pol\u00edticas p\u00fablicas, comunica\u00e7\u00e3o e inova\u00e7\u00e3o na gest\u00e3o p\u00fablica.<\/p>\n<p data-start=\"878\" data-end=\"1045\">Durante a Marcha, os vereadores participam de atividades voltadas \u00e0 qualifica\u00e7\u00e3o dos mandatos e \u00e0 troca de experi\u00eancias com representantes de diversas regi\u00f5es do pa\u00eds.<\/p>\n<p data-start=\"878\" data-end=\"1045\">\n<p data-start=\"878\" data-end=\"1045\"><strong>CARIRI EM A\u00c7\u00c3O<\/strong><\/p>\n","protected":false},"excerpt":{"rendered":"<p>Os vereadores do munic\u00edpio de Monteiro, no Cariri paraibano, est\u00e3o participando da Marcha dos Gestores e Legislativos Municipais, realizada em Bras\u00edlia (DF), reunindo parlamentares de&hellip; <\/p>\n","protected":false},"author":6,"featured_media":313498,"comment_status":"closed","ping_status":"closed","sticky":false,"template":"","format":"standard","meta":{"sfsi_plus_gutenberg_text_before_share":"","sfsi_plus_gutenberg_show_text_before_share":"","sfsi_plus_gutenberg_icon_type":"","sfsi_plus_gutenberg_icon_alignemt":"","sfsi_plus_gutenburg_max_per_row":"","footnotes":""},"categories":[50,2,81],"tags":[],"class_list":["post-313497","post","type-post","status-publish","format-standard","has-post-thumbnail","hentry","category-destaque","category-geral","category-monteiro"],"_links":{"self":[{"href":"https:\/\/www.caririemacao.com\/1\/wp-json\/wp\/v2\/posts\/313497","targetHints":{"allow":["GET"]}}],"collection":[{"href":"https:\/\/www.caririemacao.com\/1\/wp-json\/wp\/v2\/posts"}],"about":[{"href":"https:\/\/www.caririemacao.com\/1\/wp-json\/wp\/v2\/types\/post"}],"author":[{"embeddable":true,"href":"https:\/\/www.caririemacao.com\/1\/wp-json\/wp\/v2\/users\/6"}],"replies":[{"embeddable":true,"href":"https:\/\/www.caririemacao.com\/1\/wp-json\/wp\/v2\/comments?post=313497"}],"version-history":[{"count":1,"href":"https:\/\/www.caririemacao.com\/1\/wp-json\/wp\/v2\/posts\/313497\/revisions"}],"predecessor-version":[{"id":313499,"href":"https:\/\/www.caririemacao.com\/1\/wp-json\/wp\/v2\/posts\/313497\/revisions\/313499"}],"wp:featuredmedia":[{"embeddable":true,"href":"https:\/\/www.caririemacao.com\/1\/wp-json\/wp\/v2\/media\/313498"}],"wp:attachment":[{"href":"https:\/\/www.caririemacao.com\/1\/wp-json\/wp\/v2\/media?parent=313497"}],"wp:term":[{"taxonomy":"category","embeddable":true,"href":"https:\/\/www.caririemacao.com\/1\/wp-json\/wp\/v2\/categories?post=313497"},{"taxonomy":"post_tag","embeddable":true,"href":"https:\/\/www.caririemacao.com\/1\/wp-json\/wp\/v2\/tags?post=313497"}],"curies":[{"name":"wp","href":"https:\/\/api.w.org\/{rel}","templated":true}]}}