{"id":31350,"date":"2017-10-23T13:47:51","date_gmt":"2017-10-23T16:47:51","guid":{"rendered":"http:\/\/caririemacao.com\/1\/?p=31350"},"modified":"2017-10-23T13:47:51","modified_gmt":"2017-10-23T16:47:51","slug":"prefeitos-do-cariri-participam-de-encontro-com-bancada-federal","status":"publish","type":"post","link":"https:\/\/www.caririemacao.com\/1\/2017\/10\/23\/prefeitos-do-cariri-participam-de-encontro-com-bancada-federal\/","title":{"rendered":"Prefeitos do Cariri participam de encontro com bancada federal"},"content":{"rendered":"<p>Dezenas de prefeitos do Cariri paraibano, assim como v\u00e1rios outros do Estado, est\u00e3o participando durante esta manh\u00e3, no Audit\u00f3rio do Tribunal de Contas do Estado da Para\u00edba (TCE-PB), em Jo\u00e3o Pessoa, de um debate sobre a necessidade de ajuda financeira por parte do Governo Federal para o enfrentamento \u00e0 crise dos munic\u00edpios.<\/p>\n<p>O encontro tem o objetivo de ouvir dos prefeitos \u00e0s dificuldades que est\u00e3o atravessando, uma vez que o quadro ficou ainda mais complicado ap\u00f3s os descontos do parcelamento das d\u00edvidas dos Munic\u00edpios com a Previd\u00eancia Social.<\/p>\n<section class=\"l-noticia\"><strong>CARIRI EM A\u00c7\u00c3O<\/strong><\/section>\n<p><em>Com Cariri Ligado \/Foto: Reprodu\u00e7\u00e3o\u00a0 \u00a0<\/em><\/p>\n<p><strong>Leia mais not\u00edcias em\u00a0<\/strong><a href=\"http:\/\/www.caririemacao.com\/\"><strong>caririemacao.com<\/strong><\/a><strong>, siga nossa p\u00e1gina no\u00a0<\/strong><a href=\"https:\/\/www.facebook.com\/CaririEmAcao\/?ref=aymt_homepage_panel\"><strong>Facebook<\/strong><\/a>,<strong>\u00a0<\/strong><a href=\"https:\/\/www.instagram.com\/cariri_em_acao\/?hl=pt-br\"><strong>Instagram<\/strong><\/a><strong>\u00a0e\u00a0<\/strong><a href=\"https:\/\/www.youtube.com\/channel\/UCAptA0jQuYQy8vMhLt2m4qg\"><strong>Youtube<\/strong><\/a><strong>\u00a0e veja nossas mat\u00e9rias, v\u00eddeos e fotos. Voc\u00ea tamb\u00e9m pode enviar informa\u00e7\u00f5es \u00e0 Reda\u00e7\u00e3o do Portal Cariri em A\u00e7\u00e3o pelo WhatsApp (83) 9 9634.5791, (83) 9 9601-1162.<\/strong><\/p>\n","protected":false},"excerpt":{"rendered":"<p>Dezenas de prefeitos do Cariri paraibano, assim como v\u00e1rios outros do Estado, est\u00e3o participando durante esta manh\u00e3, no Audit\u00f3rio do Tribunal de Contas do Estado&hellip; <\/p>\n","protected":false},"author":2,"featured_media":31351,"comment_status":"closed","ping_status":"closed","sticky":false,"template":"","format":"standard","meta":{"sfsi_plus_gutenberg_text_before_share":"","sfsi_plus_gutenberg_show_text_before_share":"","sfsi_plus_gutenberg_icon_type":"","sfsi_plus_gutenberg_icon_alignemt":"","sfsi_plus_gutenburg_max_per_row":"","footnotes":""},"categories":[2],"tags":[],"class_list":["post-31350","post","type-post","status-publish","format-standard","has-post-thumbnail","hentry","category-geral"],"_links":{"self":[{"href":"https:\/\/www.caririemacao.com\/1\/wp-json\/wp\/v2\/posts\/31350","targetHints":{"allow":["GET"]}}],"collection":[{"href":"https:\/\/www.caririemacao.com\/1\/wp-json\/wp\/v2\/posts"}],"about":[{"href":"https:\/\/www.caririemacao.com\/1\/wp-json\/wp\/v2\/types\/post"}],"author":[{"embeddable":true,"href":"https:\/\/www.caririemacao.com\/1\/wp-json\/wp\/v2\/users\/2"}],"replies":[{"embeddable":true,"href":"https:\/\/www.caririemacao.com\/1\/wp-json\/wp\/v2\/comments?post=31350"}],"version-history":[{"count":0,"href":"https:\/\/www.caririemacao.com\/1\/wp-json\/wp\/v2\/posts\/31350\/revisions"}],"wp:featuredmedia":[{"embeddable":true,"href":"https:\/\/www.caririemacao.com\/1\/wp-json\/wp\/v2\/media\/31351"}],"wp:attachment":[{"href":"https:\/\/www.caririemacao.com\/1\/wp-json\/wp\/v2\/media?parent=31350"}],"wp:term":[{"taxonomy":"category","embeddable":true,"href":"https:\/\/www.caririemacao.com\/1\/wp-json\/wp\/v2\/categories?post=31350"},{"taxonomy":"post_tag","embeddable":true,"href":"https:\/\/www.caririemacao.com\/1\/wp-json\/wp\/v2\/tags?post=31350"}],"curies":[{"name":"wp","href":"https:\/\/api.w.org\/{rel}","templated":true}]}}