{"id":313506,"date":"2026-04-28T09:22:35","date_gmt":"2026-04-28T12:22:35","guid":{"rendered":"https:\/\/www.caririemacao.com\/1\/?p=313506"},"modified":"2026-04-28T09:22:35","modified_gmt":"2026-04-28T12:22:35","slug":"brasileiro-viraliza-ao-contar-como-e-viver-em-favela-na-china-pagando-aluguel-de-r-30-veja-video","status":"publish","type":"post","link":"https:\/\/www.caririemacao.com\/1\/2026\/04\/28\/brasileiro-viraliza-ao-contar-como-e-viver-em-favela-na-china-pagando-aluguel-de-r-30-veja-video\/","title":{"rendered":"Brasileiro viraliza ao contar como \u00e9 viver em \u2018favela\u2019 na China pagando aluguel de R$ 30; veja v\u00eddeo"},"content":{"rendered":"<div class=\"subtitulo mb-3\" style=\"text-align: center;\"><strong>Maur\u00edcio da Cruz j\u00e1 acumula mais de 890 mil seguidores com conte\u00fados sobre o pa\u00eds<\/strong><\/div>\n<div><\/div>\n<div>\n<p class=\"wp-block-paragraph\">O brasileiro Maur\u00edcio da Cruz viralizou nas redes sociais ap\u00f3s contar como \u00e9 viver em uma \u201cfavela\u201d chinesa pagando apenas R$ 30 de aluguel.<\/p>\n<p class=\"wp-block-paragraph\">Nascido em Curitiba (PR), o brasileiro vive na China h\u00e1 13 anos. A rela\u00e7\u00e3o com o pa\u00eds, no entanto, come\u00e7ou ainda na inf\u00e2ncia: em 2000, aos 11 anos, ele chegou a Pequim para acompanhar o pai, que havia sido transferido a trabalho e ficaria por dois anos. A experi\u00eancia despertou seu interesse e desejo de se mudar de forma definitiva.<\/p>\n<p class=\"wp-block-paragraph\">Hoje, o curitibano produz conte\u00fados sobre a pot\u00eancia asi\u00e1tica, mostrando curiosidades e como \u00e9 viver em uma na\u00e7\u00e3o com popula\u00e7\u00e3o estimada em mais de 1,4 bilh\u00e3o de pessoas.<\/p>\n<p class=\"wp-block-paragraph\">Em um dos v\u00eddeos, Maur\u00edcio mostra sua nova casa. Ele mora no local de 28 metros com a mulher desde 2025, pagando um aluguel de apenas R$ 30. \u201cA minha casa \u00e9 feita de isopor. \u00c9 \u00f3timo no ver\u00e3o\u201d, descreve na publica\u00e7\u00e3o.<\/p>\n<p class=\"wp-block-paragraph\">Segundo ele, o direito de morar na propriedade \u00e9 da m\u00e3e de sua mulher, que trabalhou em uma empresa estatal chinesa nos anos 1990 e foi contemplada pelo governo com o subs\u00eddio pelo im\u00f3vel.<\/p>\n<p class=\"wp-block-paragraph\">A mudan\u00e7a veio ap\u00f3s Maur\u00edcio ficar desempregado. \u201cEu fazia a tradu\u00e7\u00e3o de jogos do mandarim para o portugu\u00eas. Com a intelig\u00eancia artificial, as oportunidades diminu\u00edram\u201d, explicou. Sem sal\u00e1rio fixo, ele come\u00e7ou a gravar o seu cotidiano, mas sem a expectativa de virar influenciador.<\/p>\n<p class=\"wp-block-paragraph\">Atualmente, o curitibano j\u00e1 ultrapassa 890 mil seguidores na internet. Maur\u00edcio, por sua vez, afirma que, ainda que n\u00e3o receba remunera\u00e7\u00e3o, se sente feliz por aproximar os brasileiros do pa\u00eds.<\/p>\n<p>FONTE: Portal Correio<\/p>\n<\/div>\n","protected":false},"excerpt":{"rendered":"<p>Maur\u00edcio da Cruz j\u00e1 acumula mais de 890 mil seguidores com conte\u00fados sobre o pa\u00eds O brasileiro Maur\u00edcio da Cruz viralizou nas redes sociais ap\u00f3s&hellip; <\/p>\n","protected":false},"author":6,"featured_media":313507,"comment_status":"closed","ping_status":"closed","sticky":false,"template":"","format":"standard","meta":{"sfsi_plus_gutenberg_text_before_share":"","sfsi_plus_gutenberg_show_text_before_share":"","sfsi_plus_gutenberg_icon_type":"","sfsi_plus_gutenberg_icon_alignemt":"","sfsi_plus_gutenburg_max_per_row":"","footnotes":""},"categories":[50,103,171],"tags":[],"class_list":["post-313506","post","type-post","status-publish","format-standard","has-post-thumbnail","hentry","category-destaque","category-mundo","category-voce-sabia"],"_links":{"self":[{"href":"https:\/\/www.caririemacao.com\/1\/wp-json\/wp\/v2\/posts\/313506","targetHints":{"allow":["GET"]}}],"collection":[{"href":"https:\/\/www.caririemacao.com\/1\/wp-json\/wp\/v2\/posts"}],"about":[{"href":"https:\/\/www.caririemacao.com\/1\/wp-json\/wp\/v2\/types\/post"}],"author":[{"embeddable":true,"href":"https:\/\/www.caririemacao.com\/1\/wp-json\/wp\/v2\/users\/6"}],"replies":[{"embeddable":true,"href":"https:\/\/www.caririemacao.com\/1\/wp-json\/wp\/v2\/comments?post=313506"}],"version-history":[{"count":1,"href":"https:\/\/www.caririemacao.com\/1\/wp-json\/wp\/v2\/posts\/313506\/revisions"}],"predecessor-version":[{"id":313508,"href":"https:\/\/www.caririemacao.com\/1\/wp-json\/wp\/v2\/posts\/313506\/revisions\/313508"}],"wp:featuredmedia":[{"embeddable":true,"href":"https:\/\/www.caririemacao.com\/1\/wp-json\/wp\/v2\/media\/313507"}],"wp:attachment":[{"href":"https:\/\/www.caririemacao.com\/1\/wp-json\/wp\/v2\/media?parent=313506"}],"wp:term":[{"taxonomy":"category","embeddable":true,"href":"https:\/\/www.caririemacao.com\/1\/wp-json\/wp\/v2\/categories?post=313506"},{"taxonomy":"post_tag","embeddable":true,"href":"https:\/\/www.caririemacao.com\/1\/wp-json\/wp\/v2\/tags?post=313506"}],"curies":[{"name":"wp","href":"https:\/\/api.w.org\/{rel}","templated":true}]}}