{"id":313518,"date":"2026-04-28T09:34:37","date_gmt":"2026-04-28T12:34:37","guid":{"rendered":"https:\/\/www.caririemacao.com\/1\/?p=313518"},"modified":"2026-04-28T09:34:37","modified_gmt":"2026-04-28T12:34:37","slug":"caixa-paga-bolsa-familia-a-beneficiarios-com-nis-de-final-8-5","status":"publish","type":"post","link":"https:\/\/www.caririemacao.com\/1\/2026\/04\/28\/caixa-paga-bolsa-familia-a-beneficiarios-com-nis-de-final-8-5\/","title":{"rendered":"Caixa paga Bolsa Fam\u00edlia a benefici\u00e1rios com NIS de final 8"},"content":{"rendered":"<div class=\"header-noticia full-width\">\n<div class=\"linha-fina-noticia\" style=\"text-align: center;\"><em><strong>Com adicionais, valor m\u00e9dio do benef\u00edcio est\u00e1 em R$ 678,22<\/strong><\/em><\/div>\n<div><\/div>\n<\/div>\n<div>\n<p>A Caixa Econ\u00f4mica Federal paga nesta ter\u00e7a-feira (28) a parcela de abril do Bolsa Fam\u00edlia aos benefici\u00e1rios com N\u00famero de Inscri\u00e7\u00e3o Social (NIS) de final 8.<img decoding=\"async\" data-src=\"https:\/\/agenciabrasil.ebc.com.br\/ebc.png?id=1687405&amp;o=node\" src=\"data:image\/svg+xml;base64,PHN2ZyB3aWR0aD0iMSIgaGVpZ2h0PSIxIiB4bWxucz0iaHR0cDovL3d3dy53My5vcmcvMjAwMC9zdmciPjwvc3ZnPg==\" class=\"lazyload\" \/><img decoding=\"async\" data-src=\"https:\/\/agenciabrasil.ebc.com.br\/ebc.gif?id=1687405&amp;o=node\" src=\"data:image\/svg+xml;base64,PHN2ZyB3aWR0aD0iMSIgaGVpZ2h0PSIxIiB4bWxucz0iaHR0cDovL3d3dy53My5vcmcvMjAwMC9zdmciPjwvc3ZnPg==\" class=\"lazyload\" \/><\/p>\n<p>O valor m\u00ednimo corresponde a R$ 600, mas com o novo adicional o valor m\u00e9dio do benef\u00edcio sobe para R$ 678,22.\u00a0Segundo o Minist\u00e9rio do Desenvolvimento e Assist\u00eancia Social,\u00a0neste m\u00eas o programa de transfer\u00eancia de renda do governo federal alcan\u00e7ar\u00e1 18,9 milh\u00f5es de fam\u00edlias, com gasto de R$ 12,8 bilh\u00f5es<strong>.<\/strong><\/p>\n<p>Al\u00e9m do benef\u00edcio m\u00ednimo, h\u00e1 o pagamento de tr\u00eas adicionais. O Benef\u00edcio Vari\u00e1vel Familiar Nutriz paga seis parcelas de R$ 50 a m\u00e3es de beb\u00eas de at\u00e9 6 meses de idade, para garantir a alimenta\u00e7\u00e3o da crian\u00e7a. O Bolsa Fam\u00edlia tamb\u00e9m paga um acr\u00e9scimo de R$ 50 a gestantes e nutrizes (m\u00e3es que amamentam), um de R$ 50 a cada filho de 7 a 18 anos e outro, de R$ 150, a cada crian\u00e7a de at\u00e9 6 anos.<\/p>\n<p>No modelo tradicional do Bolsa Fam\u00edlia, o pagamento ocorre nos \u00faltimos dez dias \u00fateis de cada m\u00eas. O benefici\u00e1rio poder\u00e1 consultar informa\u00e7\u00f5es sobre as datas de pagamento, o valor do benef\u00edcio e a composi\u00e7\u00e3o das parcelas no aplicativo Caixa Tem, usado para acompanhar as contas poupan\u00e7a digitais do banco.<\/p>\n<h2>Pagamento unificado<\/h2>\n<p>Os benefici\u00e1rios de 173 cidades de 11 estados receberam o pagamento no \u00faltimo dia 16, independentemente do NIS.\u00a0A medida beneficiou os moradores de 121 munic\u00edpios do Rio Grande do Norte, que sofrem com a seca, e cinco munic\u00edpios mineiros atingidos por enchentes. Tamb\u00e9m foram beneficiadas cidades nos seguintes estados: Amazonas (tr\u00eas), Bahia (17), Par\u00e1 (uma), Paran\u00e1 (uma), Piau\u00ed (tr\u00eas), Rio de Janeiro (oito), Roraima (seis), S\u00e3o Paulo (duas) e Sergipe (seis).<\/p>\n<p>Essas localidades foram afetadas por chuvas ou por estiagens ou t\u00eam povos ind\u00edgenas em situa\u00e7\u00e3o de vulnerabilidade. A\u00a0<a href=\"https:\/\/www.gov.br\/mds\/pt-br\/noticias-e-conteudos\/desenvolvimento-social\/noticias-desenvolvimento-social\/pagamento-do-bolsa-familia-e-unificado-em-173-municipios-em-abril\" target=\"_blank\" rel=\"noopener\">lista dos munic\u00edpios<\/a>\u00a0com pagamento antecipado est\u00e1 dispon\u00edvel na p\u00e1gina do Minist\u00e9rio do Desenvolvimento e Assist\u00eancia Social.<\/p>\n<p>Desde 2024, os benefici\u00e1rios do Bolsa Fam\u00edlia n\u00e3o t\u00eam mais o desconto do Seguro Defeso. A mudan\u00e7a foi estabelecida pela\u00a0<a href=\"https:\/\/www.planalto.gov.br\/ccivil_03\/_ato2023-2026\/2023\/lei\/l14601.htm\" target=\"_blank\" rel=\"noopener\">Lei 14.601\/2023<\/a>, que resgatou o Programa Bolsa Fam\u00edlia (PBF). O Seguro Defeso \u00e9 pago a pessoas que sobrevivem exclusivamente da pesca artesanal e que n\u00e3o podem exercer a atividade durante o per\u00edodo da piracema (reprodu\u00e7\u00e3o dos peixes).<\/p>\n<h2>Regra de prote\u00e7\u00e3o<\/h2>\n<p><strong>Cerca de 2,34 milh\u00f5es de fam\u00edlias est\u00e3o na regra de prote\u00e7\u00e3o em abril.<\/strong>\u00a0Essa regra permite que fam\u00edlias cujos membros consigam emprego e melhorem a renda ganhem\u00a050% do benef\u00edcio a que teriam direito por at\u00e9 dois anos, desde que cada integrante receba o equivalente a at\u00e9 R$ 706.<\/p>\n<p>Em 2025, o tempo de perman\u00eancia na regra de prote\u00e7\u00e3o\u00a0foi reduzido\u00a0de dois para um ano. No entanto, a mudan\u00e7a s\u00f3 abrange as fam\u00edlias que entraram na fase de transi\u00e7\u00e3o a partir de junho de 2025. Quem se enquadrou na regra at\u00e9 maio de 2025 continuar\u00e1 a receber metade do benef\u00edcio por dois anos.<\/p>\n<p>FONTE: Ag\u00eancia Brasil<\/p>\n<\/div>\n<div class=\"subheader\">\n<div class=\"container-autoria\" style=\"text-align: center;\"><\/div>\n<\/div>\n","protected":false},"excerpt":{"rendered":"<p>Com adicionais, valor m\u00e9dio do benef\u00edcio est\u00e1 em R$ 678,22 A Caixa Econ\u00f4mica Federal paga nesta ter\u00e7a-feira (28) a parcela de abril do Bolsa Fam\u00edlia&hellip; <\/p>\n","protected":false},"author":6,"featured_media":313519,"comment_status":"closed","ping_status":"closed","sticky":false,"template":"","format":"standard","meta":{"sfsi_plus_gutenberg_text_before_share":"","sfsi_plus_gutenberg_show_text_before_share":"","sfsi_plus_gutenberg_icon_type":"","sfsi_plus_gutenberg_icon_alignemt":"","sfsi_plus_gutenburg_max_per_row":"","footnotes":""},"categories":[50],"tags":[],"class_list":["post-313518","post","type-post","status-publish","format-standard","has-post-thumbnail","hentry","category-destaque"],"_links":{"self":[{"href":"https:\/\/www.caririemacao.com\/1\/wp-json\/wp\/v2\/posts\/313518","targetHints":{"allow":["GET"]}}],"collection":[{"href":"https:\/\/www.caririemacao.com\/1\/wp-json\/wp\/v2\/posts"}],"about":[{"href":"https:\/\/www.caririemacao.com\/1\/wp-json\/wp\/v2\/types\/post"}],"author":[{"embeddable":true,"href":"https:\/\/www.caririemacao.com\/1\/wp-json\/wp\/v2\/users\/6"}],"replies":[{"embeddable":true,"href":"https:\/\/www.caririemacao.com\/1\/wp-json\/wp\/v2\/comments?post=313518"}],"version-history":[{"count":1,"href":"https:\/\/www.caririemacao.com\/1\/wp-json\/wp\/v2\/posts\/313518\/revisions"}],"predecessor-version":[{"id":313520,"href":"https:\/\/www.caririemacao.com\/1\/wp-json\/wp\/v2\/posts\/313518\/revisions\/313520"}],"wp:featuredmedia":[{"embeddable":true,"href":"https:\/\/www.caririemacao.com\/1\/wp-json\/wp\/v2\/media\/313519"}],"wp:attachment":[{"href":"https:\/\/www.caririemacao.com\/1\/wp-json\/wp\/v2\/media?parent=313518"}],"wp:term":[{"taxonomy":"category","embeddable":true,"href":"https:\/\/www.caririemacao.com\/1\/wp-json\/wp\/v2\/categories?post=313518"},{"taxonomy":"post_tag","embeddable":true,"href":"https:\/\/www.caririemacao.com\/1\/wp-json\/wp\/v2\/tags?post=313518"}],"curies":[{"name":"wp","href":"https:\/\/api.w.org\/{rel}","templated":true}]}}