{"id":313521,"date":"2026-04-28T16:00:42","date_gmt":"2026-04-28T19:00:42","guid":{"rendered":"https:\/\/www.caririemacao.com\/1\/?p=313521"},"modified":"2026-04-28T16:00:42","modified_gmt":"2026-04-28T19:00:42","slug":"vereador-do-cariri-e-empossado-novo-presidente-da-uvb-paraiba","status":"publish","type":"post","link":"https:\/\/www.caririemacao.com\/1\/2026\/04\/28\/vereador-do-cariri-e-empossado-novo-presidente-da-uvb-paraiba\/","title":{"rendered":"Vereador do Cariri \u00e9 empossado novo presidente da UVB Para\u00edba"},"content":{"rendered":"<p data-start=\"67\" data-end=\"380\">O vereador de S\u00e3o Jo\u00e3o do Cariri, Francisco J\u00fanior, foi empossado nesta ter\u00e7a-feira (28) como novo presidente da Uni\u00e3o dos Vereadores do Brasil na Para\u00edba (UVB-PB). A solenidade ocorreu durante a Marcha dos Vereadores, realizada de 27 a 30 de abril de 2026, no Centro de Conven\u00e7\u00f5es Ulysses Guimar\u00e3es, em Bras\u00edlia.<\/p>\n<p data-start=\"382\" data-end=\"611\">A nova diretoria assume com o objetivo de fortalecer a representatividade do legislativo municipal paraibano, promovendo maior integra\u00e7\u00e3o entre os parlamentares e ampliando o di\u00e1logo com institui\u00e7\u00f5es em n\u00edvel estadual e nacional.<\/p>\n<p data-start=\"382\" data-end=\"611\"><img fetchpriority=\"high\" decoding=\"async\" class=\" wp-image-313523 aligncenter\" src=\"https:\/\/www.caririemacao.com\/1\/wp-content\/uploads\/2026\/04\/WhatsApp-Image-2026-04-28-at-15.23.03-1-300x169.jpeg\" alt=\"\" width=\"536\" height=\"302\" srcset=\"https:\/\/www.caririemacao.com\/1\/wp-content\/uploads\/2026\/04\/WhatsApp-Image-2026-04-28-at-15.23.03-1-300x169.jpeg 300w, https:\/\/www.caririemacao.com\/1\/wp-content\/uploads\/2026\/04\/WhatsApp-Image-2026-04-28-at-15.23.03-1-1280x720.jpeg 1280w, https:\/\/www.caririemacao.com\/1\/wp-content\/uploads\/2026\/04\/WhatsApp-Image-2026-04-28-at-15.23.03-1-768x432.jpeg 768w, https:\/\/www.caririemacao.com\/1\/wp-content\/uploads\/2026\/04\/WhatsApp-Image-2026-04-28-at-15.23.03-1-1536x864.jpeg 1536w, https:\/\/www.caririemacao.com\/1\/wp-content\/uploads\/2026\/04\/WhatsApp-Image-2026-04-28-at-15.23.03-1.jpeg 1600w\" sizes=\"(max-width: 536px) 100vw, 536px\" \/><\/p>\n<p data-start=\"613\" data-end=\"995\">A comiss\u00e3o provis\u00f3ria da UVB-PB ficou composta por Francisco J\u00fanior (S\u00e3o Jo\u00e3o do Cariri) na presid\u00eancia; Faustino, presidente da C\u00e2mara de Nova Floresta, como vice-presidente; Fernando, presidente da C\u00e2mara de Mataraca, como secret\u00e1rio; vereador Elvis D\u00f4so, presidente da C\u00e2mara de Cabaceiras, como diretor financeiro; e Valeska Magalh\u00e3es, vereadora de Mari, \u00e0 frente da UVB Mulher.<\/p>\n<p data-start=\"997\" data-end=\"1335\">Em sua fala, Francisco J\u00fanior destacou o compromisso com os legislativos municipais. \u201cAssumir a presid\u00eancia da UVB Para\u00edba \u00e9 uma grande responsabilidade. Nosso objetivo \u00e9 fortalecer a atua\u00e7\u00e3o dos vereadores, dar mais voz ao legislativo municipal e trabalhar em conjunto para buscar melhorias para todos os munic\u00edpios paraibanos\u201d, afirmou.<\/p>\n<p data-start=\"1337\" data-end=\"1489\" data-is-last-node=\"\" data-is-only-node=\"\">\n<p data-start=\"1337\" data-end=\"1489\" data-is-last-node=\"\" data-is-only-node=\"\"><strong>CARIRI EM A\u00c7\u00c3O<\/strong><\/p>\n","protected":false},"excerpt":{"rendered":"<p>O vereador de S\u00e3o Jo\u00e3o do Cariri, Francisco J\u00fanior, foi empossado nesta ter\u00e7a-feira (28) como novo presidente da Uni\u00e3o dos Vereadores do Brasil na Para\u00edba&hellip; <\/p>\n","protected":false},"author":6,"featured_media":313522,"comment_status":"closed","ping_status":"closed","sticky":false,"template":"","format":"standard","meta":{"sfsi_plus_gutenberg_text_before_share":"","sfsi_plus_gutenberg_show_text_before_share":"","sfsi_plus_gutenberg_icon_type":"","sfsi_plus_gutenberg_icon_alignemt":"","sfsi_plus_gutenburg_max_per_row":"","footnotes":""},"categories":[106,50,2,104,88],"tags":[],"class_list":["post-313521","post","type-post","status-publish","format-standard","has-post-thumbnail","hentry","category-cariri","category-destaque","category-geral","category-paraiba","category-sao-joao-do-cariri"],"_links":{"self":[{"href":"https:\/\/www.caririemacao.com\/1\/wp-json\/wp\/v2\/posts\/313521","targetHints":{"allow":["GET"]}}],"collection":[{"href":"https:\/\/www.caririemacao.com\/1\/wp-json\/wp\/v2\/posts"}],"about":[{"href":"https:\/\/www.caririemacao.com\/1\/wp-json\/wp\/v2\/types\/post"}],"author":[{"embeddable":true,"href":"https:\/\/www.caririemacao.com\/1\/wp-json\/wp\/v2\/users\/6"}],"replies":[{"embeddable":true,"href":"https:\/\/www.caririemacao.com\/1\/wp-json\/wp\/v2\/comments?post=313521"}],"version-history":[{"count":1,"href":"https:\/\/www.caririemacao.com\/1\/wp-json\/wp\/v2\/posts\/313521\/revisions"}],"predecessor-version":[{"id":313524,"href":"https:\/\/www.caririemacao.com\/1\/wp-json\/wp\/v2\/posts\/313521\/revisions\/313524"}],"wp:featuredmedia":[{"embeddable":true,"href":"https:\/\/www.caririemacao.com\/1\/wp-json\/wp\/v2\/media\/313522"}],"wp:attachment":[{"href":"https:\/\/www.caririemacao.com\/1\/wp-json\/wp\/v2\/media?parent=313521"}],"wp:term":[{"taxonomy":"category","embeddable":true,"href":"https:\/\/www.caririemacao.com\/1\/wp-json\/wp\/v2\/categories?post=313521"},{"taxonomy":"post_tag","embeddable":true,"href":"https:\/\/www.caririemacao.com\/1\/wp-json\/wp\/v2\/tags?post=313521"}],"curies":[{"name":"wp","href":"https:\/\/api.w.org\/{rel}","templated":true}]}}