{"id":313525,"date":"2026-04-28T16:05:33","date_gmt":"2026-04-28T19:05:33","guid":{"rendered":"https:\/\/www.caririemacao.com\/1\/?p=313525"},"modified":"2026-04-28T16:32:47","modified_gmt":"2026-04-28T19:32:47","slug":"presidente-da-camara-de-barra-de-santa-rosa-pb-participa-da-marcha-dos-vereadores-em-brasilia","status":"publish","type":"post","link":"https:\/\/www.caririemacao.com\/1\/2026\/04\/28\/presidente-da-camara-de-barra-de-santa-rosa-pb-participa-da-marcha-dos-vereadores-em-brasilia\/","title":{"rendered":"Presidente da C\u00e2mara de Barra de Santa Rosa\/PB participa da Marcha dos Vereadores em Bras\u00edlia"},"content":{"rendered":"<p data-start=\"212\" data-end=\"447\">O presidente da C\u00e2mara Municipal de Barra de Santa Rosa, vereador Edson, est\u00e1 em Bras\u00edlia participando da Marcha dos Vereadores, refor\u00e7ando o compromisso com o trabalho legislativo e a busca por melhorias para a popula\u00e7\u00e3o do munic\u00edpio.<\/p>\n<p data-start=\"449\" data-end=\"749\">Direto da capital federal, o Cariri em a\u00e7\u00e3o acompanha a abertura do evento, que re\u00fane representantes de todo o Brasil. A programa\u00e7\u00e3o conta com credenciamento, in\u00edcio das atividades e debates voltados ao fortalecimento do Legislativo municipal e \u00e0 constru\u00e7\u00e3o de pol\u00edticas p\u00fablicas mais eficientes.<\/p>\n<p data-start=\"751\" data-end=\"1067\">O vereador Edson destacou a import\u00e2ncia de integrar o encontro. \u201cEstar em Bras\u00edlia, participando de um evento dessa magnitude, \u00e9 fundamental para adquirir conhecimento, trocar experi\u00eancias e fortalecer nosso trabalho em Barra de Santa Rosa. Seguimos firmes, buscando sempre o melhor para a nossa popula\u00e7\u00e3o\u201d, afirmou.<\/p>\n<p data-start=\"751\" data-end=\"1067\">\n<p data-start=\"751\" data-end=\"1067\"><strong>CARIRI EM A\u00c7\u00c3O<\/strong><\/p>\n","protected":false},"excerpt":{"rendered":"<p>O presidente da C\u00e2mara Municipal de Barra de Santa Rosa, vereador Edson, est\u00e1 em Bras\u00edlia participando da Marcha dos Vereadores, refor\u00e7ando o compromisso com o&hellip; <\/p>\n","protected":false},"author":6,"featured_media":313526,"comment_status":"closed","ping_status":"closed","sticky":false,"template":"","format":"standard","meta":{"sfsi_plus_gutenberg_text_before_share":"","sfsi_plus_gutenberg_show_text_before_share":"","sfsi_plus_gutenberg_icon_type":"","sfsi_plus_gutenberg_icon_alignemt":"","sfsi_plus_gutenburg_max_per_row":"","footnotes":""},"categories":[50,2,104],"tags":[],"class_list":["post-313525","post","type-post","status-publish","format-standard","has-post-thumbnail","hentry","category-destaque","category-geral","category-paraiba"],"_links":{"self":[{"href":"https:\/\/www.caririemacao.com\/1\/wp-json\/wp\/v2\/posts\/313525","targetHints":{"allow":["GET"]}}],"collection":[{"href":"https:\/\/www.caririemacao.com\/1\/wp-json\/wp\/v2\/posts"}],"about":[{"href":"https:\/\/www.caririemacao.com\/1\/wp-json\/wp\/v2\/types\/post"}],"author":[{"embeddable":true,"href":"https:\/\/www.caririemacao.com\/1\/wp-json\/wp\/v2\/users\/6"}],"replies":[{"embeddable":true,"href":"https:\/\/www.caririemacao.com\/1\/wp-json\/wp\/v2\/comments?post=313525"}],"version-history":[{"count":2,"href":"https:\/\/www.caririemacao.com\/1\/wp-json\/wp\/v2\/posts\/313525\/revisions"}],"predecessor-version":[{"id":313542,"href":"https:\/\/www.caririemacao.com\/1\/wp-json\/wp\/v2\/posts\/313525\/revisions\/313542"}],"wp:featuredmedia":[{"embeddable":true,"href":"https:\/\/www.caririemacao.com\/1\/wp-json\/wp\/v2\/media\/313526"}],"wp:attachment":[{"href":"https:\/\/www.caririemacao.com\/1\/wp-json\/wp\/v2\/media?parent=313525"}],"wp:term":[{"taxonomy":"category","embeddable":true,"href":"https:\/\/www.caririemacao.com\/1\/wp-json\/wp\/v2\/categories?post=313525"},{"taxonomy":"post_tag","embeddable":true,"href":"https:\/\/www.caririemacao.com\/1\/wp-json\/wp\/v2\/tags?post=313525"}],"curies":[{"name":"wp","href":"https:\/\/api.w.org\/{rel}","templated":true}]}}